{"id":32679,"date":"2018-09-05T10:56:43","date_gmt":"2018-09-05T13:56:43","guid":{"rendered":"https:\/\/www.actualidadadiario.com\/?p=32679"},"modified":"2018-11-06T19:38:22","modified_gmt":"2018-11-06T22:38:22","slug":"los-1000-dias-de-macri-como-presidente","status":"publish","type":"post","link":"https:\/\/www.actualidadadiario.com\/index.php\/2018\/09\/05\/los-1000-dias-de-macri-como-presidente\/","title":{"rendered":"Los 1000 d\u00edas de Macri como presidente"},"content":{"rendered":"<p><em><strong>El presidente Mauricio Macri cumple hoy 1.000 d\u00edas de gesti\u00f3n al frente de la Casa Rosada, en medio de una complicada situaci\u00f3n econ\u00f3mica y enfocando sus energ\u00edas en evitar que se agrave el clima social<\/strong><\/em><\/p>\n<p>&nbsp;<\/p>\n<p>&nbsp;<\/p>\n<p>&nbsp;<\/p>\n<p>&nbsp;<\/p>\n<p>&nbsp;<\/p>\n<p>El presidente Mauricio Macri cumple hoy 1.000 d\u00edas de gesti\u00f3n al frente de la Casa Rosada, en medio de una complicada situaci\u00f3n econ\u00f3mica y enfocando sus energ\u00edas en evitar que se agrave el clima social. Del baile en el balc\u00f3n de Balcarce 50 a las preocupaciones que cruzan su mente, el mandatario tendr\u00e1 este mi\u00e9rcoles un aniversario especial que seguramente imaginaba pasar de otra manera cuando asumi\u00f3 como jefe de Estado el 10 de diciembre de 2015.<\/p>\n<p>&nbsp;<\/p>\n<p>Los simb\u00f3licos 1.000 d\u00edas encontrar\u00e1n al ex jefe de Gobierno porte\u00f1o intentando atravesar con el menor da\u00f1o posible la &#8220;tormenta&#8221; que golpe\u00f3 -y sigue golpeando- a la Argentina, tanto por factores internos como externos: de la sequ\u00eda que afect\u00f3 la cosecha al alza de tasas de la Reserva Federal de Estados Unidos y la crisis de otros pa\u00edses emergentes como Turqu\u00eda y Brasil, pasando por la causa de los cuadernos.<\/p>\n<p>&nbsp;<\/p>\n<p>Con actividades en la Residencia Presidencial de Olivos, el l\u00edder del PRO seguir\u00e1 con atenci\u00f3n las negociaciones del ministro de Econom\u00eda y Energ\u00eda, Nicol\u00e1s Dujovne, con autoridades del Fondo Monetario Internacional (FMI) en la ciudad de Washington. La \u00fanica reuni\u00f3n de la agenda oficial anunciada es por la renovaci\u00f3n del programa &#8220;Precios Cuidados&#8221;.<\/p>\n<p>&nbsp;<\/p>\n<p>Ese encuentro es una de las medidas que anticip\u00f3 el propio Presidente para cuidar los bolsillos de los argentinos ante la dif\u00edcil situaci\u00f3n econ\u00f3mica. Lejos queda en la memoria aquella jornada festiva en la que asumi\u00f3 en medio de una pol\u00e9mica por la ausencia de Cristina Kirchner en la ceremonia de traspaso del mando.<\/p>\n<p>&nbsp;<\/p>\n<p>En esa ocasi\u00f3n, en el Museo Casa Rosada, Macri hab\u00eda puesto en funciones al jefe de Gabinete, Marcos Pe\u00f1a; y los ministros de Interior, Rogelio Frigerio; de Defensa, Julio Mart\u00ednez; de Hacienda, Alfonso de Prat Gay; de Producci\u00f3n, Francisco Cabrera; de Agroindustria, Ricardo Buryaile; de Turismo, Gustavo Santos; de Transporte, Guillermo Dietrich; de Justicia, Germ\u00e1n Garavano; y de Seguridad, Patricia Bullrich.<\/p>\n<p>&nbsp;<\/p>\n<p>La n\u00f3mina se completaba con Jorge Triaca al frente de la cartera de Trabajo, en Desarrollo Social asum\u00eda Carolina Stanley, en Salud, Jorge Lemus; en Educaci\u00f3n, Esteban Bullrich; en Ciencia y Tecnolog\u00eda, Lino Bara\u00f1ao; en Cultura, Pablo Avelluto; en Ambiente y Desarrollo Sustentable, Sergio Bergman; en Modernizaci\u00f3n, Andr\u00e9s Ibarra; en Energ\u00eda y Miner\u00eda, Juan Jos\u00e9 Aranguren; y en Comunicaciones, Oscar Aguad; y en la Canciller\u00eda, Susana Malcorra.<\/p>\n<p>&nbsp;<\/p>\n<p>Este mi\u00e9rcoles, luego de la reformulaci\u00f3n del Gabinete anunciada el pasado lunes, solo quedar\u00e1n cuatro &#8220;sobrevivientes&#8221; que mantuvieron sus cargos originales y sus rangos ministeriales: Pe\u00f1a, Frigerio, Garavano, Bullrich y Stanley. En el camino, el resto tuvo suerte dispar, ya sea porque continuaron sus carreras en el Congreso, como los casos de Esteban Bullrich, Julio Mart\u00ednez; por renuncias, tal como sucedi\u00f3 con Prat Gay, Cabrera, Aranguren y Malcorra, entre otros; o por cambio de roles, como Aguad, Ibarra, Dietrich y Bergman.<\/p>\n<p>&nbsp;<\/p>\n<p>Asimismo, la carrera pol\u00edtica de estos 1.000 d\u00edas tambi\u00e9n tuvo en el medio el triunfo de la alianza Cambiemos en las elecciones legislativas de 2017, derrotando en la provincia de Buenos Aires a la l\u00edder de Unidad Ciudadana, Cristina Kirchner. Como cabeza del Gobierno, Macri debi\u00f3 enfrentar momentos por dem\u00e1s complicados, como el caso Santiago Maldonado y las pol\u00e9micas generadas por los Panam\u00e1 Papers y la deuda del Correo Argentino.<\/p>\n<p>&nbsp;<\/p>\n<p>En el plano internacional, uno en los que pudo lograr mayores r\u00e9ditos, el Presidente recibi\u00f3 tanto en la Casa Rosada como en la Quinta de Olivos a una gran cantidad de mandatarios extranjeros: desde el estadounidense Barack Obama hasta el franc\u00e9s Fran\u00e7ois Hollande, pasando por el canadiense Justin Trudeau, el mexicano Enrique Pe\u00f1a Nieto, el japon\u00e9s Shinzo Abre y el israel\u00ed Benjam\u00edn Netanyahu.<\/p>\n<p>&nbsp;<\/p>\n<p>Del favor de los mercados a la necesidad de un acuerdo con el FMI; del gradualismo pregonado al comienzo de la gesti\u00f3n al duro ajuste que buscar\u00e1 plasmar en el Presupuesto 2019, el mandatario llega a cumplir los 1.000 d\u00edas en una dura situaci\u00f3n econ\u00f3mica y que amenaza con trasladarse al clima social.<\/p>\n<p>&nbsp;<\/p>\n<p>Macri asumi\u00f3 con el d\u00f3lar maniatado en un cepo a 9,76 pesos para la venta y despu\u00e9s de dos a\u00f1os y casi nueve meses de labor presidencial, el r\u00e9gimen de flotaci\u00f3n dispuesto por su Gobierno y la volatilidad del mercado de cambios dom\u00e9stico llevaron al billete estadounidense a unos $40, lo que significa que la moneda nacional se devalu\u00f3 por m\u00e1s de 300 por ciento.<\/p>\n<p>&nbsp;<\/p>\n<p>La eficacia del plan oficial para manejar la crisis y para que se termine cuanto antes la recesi\u00f3n ser\u00e1 clave para definir si el l\u00edder del PRO puede llegar a tener otros 1.000 d\u00edas al frente de la Casa Rosada.<\/p>\n","protected":false},"excerpt":{"rendered":"<p>El presidente Mauricio Macri cumple hoy 1.000 d\u00edas de gesti\u00f3n al frente de la Casa Rosada, en medio de una complicada situaci\u00f3n econ\u00f3mica y enfocando sus energ\u00edas en evitar que se agrave el clima social &nbsp; &nbsp; &nbsp; &nbsp; &nbsp; El presidente Mauricio Macri cumple hoy 1.000 d\u00edas de gesti\u00f3n al frente de la Casa Rosada, en medio de una complicada situaci\u00f3n econ\u00f3mica y enfocando sus energ\u00edas en evitar que se agrave el clima social. Del baile en el balc\u00f3n de Balcarce 50 a las preocupaciones que cruzan su mente,&#8230;<\/p>\n","protected":false},"author":3,"featured_media":32680,"comment_status":"closed","ping_status":"closed","sticky":false,"template":"","format":"standard","meta":[],"categories":[9],"tags":[],"_links":{"self":[{"href":"https:\/\/www.actualidadadiario.com\/index.php\/wp-json\/wp\/v2\/posts\/32679"}],"collection":[{"href":"https:\/\/www.actualidadadiario.com\/index.php\/wp-json\/wp\/v2\/posts"}],"about":[{"href":"https:\/\/www.actualidadadiario.com\/index.php\/wp-json\/wp\/v2\/types\/post"}],"author":[{"embeddable":true,"href":"https:\/\/www.actualidadadiario.com\/index.php\/wp-json\/wp\/v2\/users\/3"}],"replies":[{"embeddable":true,"href":"https:\/\/www.actualidadadiario.com\/index.php\/wp-json\/wp\/v2\/comments?post=32679"}],"version-history":[{"count":1,"href":"https:\/\/www.actualidadadiario.com\/index.php\/wp-json\/wp\/v2\/posts\/32679\/revisions"}],"predecessor-version":[{"id":32681,"href":"https:\/\/www.actualidadadiario.com\/index.php\/wp-json\/wp\/v2\/posts\/32679\/revisions\/32681"}],"wp:featuredmedia":[{"embeddable":true,"href":"https:\/\/www.actualidadadiario.com\/index.php\/wp-json\/wp\/v2\/media\/32680"}],"wp:attachment":[{"href":"https:\/\/www.actualidadadiario.com\/index.php\/wp-json\/wp\/v2\/media?parent=32679"}],"wp:term":[{"taxonomy":"category","embeddable":true,"href":"https:\/\/www.actualidadadiario.com\/index.php\/wp-json\/wp\/v2\/categories?post=32679"},{"taxonomy":"post_tag","embeddable":true,"href":"https:\/\/www.actualidadadiario.com\/index.php\/wp-json\/wp\/v2\/tags?post=32679"}],"curies":[{"name":"wp","href":"https:\/\/api.w.org\/{rel}","templated":true}]}}