{"id":32676,"date":"2018-09-05T10:55:59","date_gmt":"2018-09-05T13:55:59","guid":{"rendered":"https:\/\/www.actualidadadiario.com\/?p=32676"},"modified":"2018-11-06T19:38:22","modified_gmt":"2018-11-06T22:38:22","slug":"el-senado-preve-una-sesion-especial-sobre-asignaciones-familiares","status":"publish","type":"post","link":"https:\/\/www.actualidadadiario.com\/index.php\/2018\/09\/05\/el-senado-preve-una-sesion-especial-sobre-asignaciones-familiares\/","title":{"rendered":"El Senado prev\u00e9 una sesi\u00f3n especial sobre asignaciones familiares"},"content":{"rendered":"<p><em><strong>El Senado convoc\u00f3 a pedido de un grupo de legisladores una sesi\u00f3n especial para tratar una serie de proyecto referidos a la eliminaci\u00f3n de beneficios por zona en las asignaciones familiares<\/strong><\/em><\/p>\n<p>&nbsp;<\/p>\n<p>&nbsp;<\/p>\n<p>&nbsp;<\/p>\n<p>&nbsp;<\/p>\n<p>El Senado convoc\u00f3 a pedido de un grupo de legisladores una sesi\u00f3n especial para tratar una serie de proyectos referidos a la eliminaci\u00f3n de beneficios por zona en las asignaciones familiares, pero est\u00e1 en duda el qu\u00f3rum. La sesi\u00f3n fue convocada para las 10:00 a pedido del bloque del Frente para la Victoria, la senadora de R\u00edo-Sur Magdalena Odarda y los justicialistas Mario Pais y Jos\u00e9 Ojeda.<\/p>\n<p>&nbsp;<\/p>\n<p>Este pedido fue inicialmente para el 29 de agosto pasado, pero ese d\u00eda solo bajaron al recinto ocho senadores y se decidi\u00f3 volver a convocarla para este mi\u00e9rcoles. Sin embargo, fuentes parlamentarias consultadas por NA indicaron que la historia podr\u00eda repetirse y que nuevamente faltar\u00eda el qu\u00f3rum necesario de 37 presentes para poder sesionar.<\/p>\n<p>&nbsp;<\/p>\n<p>En ese sentido, el objetivo de los senadores que piden esta sesi\u00f3n es tratar una serie de proyectos que apuntan a desactivar el decreto del presidente Mauricio Macri por el que se eliminaron los beneficios por zona para las asignaciones familiares.<\/p>\n<p>&nbsp;<\/p>\n<p>En tanto, se trata del decreto 702 cuyo efecto fue suspendido por 30 d\u00edas pero, dado que esa suspensi\u00f3n vence en el transcurso de septiembre, los legisladores insisten en avanzar con un proyecto de ley que anule la medida, lo que gener\u00f3 fuertes cruces entre ambos sectores y gran incertidumbre en los beneficiarios.<\/p>\n<p>&nbsp;<\/p>\n<p>A la fallida sesi\u00f3n de la semana pasada solo hab\u00edan concurrido el presidente provisional del Senado, Federico Pinedo, de Cambiemos, Magdalena Odarda, los justicialistas Alfredo Luenzo, Mario Pais y Guillermo Snopek, la neuquina del Interbloque Federal Lucila Crexell y las kirchneristas Mar\u00eda de los \u00c1ngeles Sacnun y Ana Mar\u00eda Ianni.<\/p>\n","protected":false},"excerpt":{"rendered":"<p>El Senado convoc\u00f3 a pedido de un grupo de legisladores una sesi\u00f3n especial para tratar una serie de proyecto referidos a la eliminaci\u00f3n de beneficios por zona en las asignaciones familiares &nbsp; &nbsp; &nbsp; &nbsp; El Senado convoc\u00f3 a pedido de un grupo de legisladores una sesi\u00f3n especial para tratar una serie de proyectos referidos a la eliminaci\u00f3n de beneficios por zona en las asignaciones familiares, pero est\u00e1 en duda el qu\u00f3rum. La sesi\u00f3n fue convocada para las 10:00 a pedido del bloque del Frente para la Victoria, la senadora&#8230;<\/p>\n","protected":false},"author":3,"featured_media":32677,"comment_status":"closed","ping_status":"closed","sticky":false,"template":"","format":"standard","meta":[],"categories":[18],"tags":[],"_links":{"self":[{"href":"https:\/\/www.actualidadadiario.com\/index.php\/wp-json\/wp\/v2\/posts\/32676"}],"collection":[{"href":"https:\/\/www.actualidadadiario.com\/index.php\/wp-json\/wp\/v2\/posts"}],"about":[{"href":"https:\/\/www.actualidadadiario.com\/index.php\/wp-json\/wp\/v2\/types\/post"}],"author":[{"embeddable":true,"href":"https:\/\/www.actualidadadiario.com\/index.php\/wp-json\/wp\/v2\/users\/3"}],"replies":[{"embeddable":true,"href":"https:\/\/www.actualidadadiario.com\/index.php\/wp-json\/wp\/v2\/comments?post=32676"}],"version-history":[{"count":1,"href":"https:\/\/www.actualidadadiario.com\/index.php\/wp-json\/wp\/v2\/posts\/32676\/revisions"}],"predecessor-version":[{"id":32678,"href":"https:\/\/www.actualidadadiario.com\/index.php\/wp-json\/wp\/v2\/posts\/32676\/revisions\/32678"}],"wp:featuredmedia":[{"embeddable":true,"href":"https:\/\/www.actualidadadiario.com\/index.php\/wp-json\/wp\/v2\/media\/32677"}],"wp:attachment":[{"href":"https:\/\/www.actualidadadiario.com\/index.php\/wp-json\/wp\/v2\/media?parent=32676"}],"wp:term":[{"taxonomy":"category","embeddable":true,"href":"https:\/\/www.actualidadadiario.com\/index.php\/wp-json\/wp\/v2\/categories?post=32676"},{"taxonomy":"post_tag","embeddable":true,"href":"https:\/\/www.actualidadadiario.com\/index.php\/wp-json\/wp\/v2\/tags?post=32676"}],"curies":[{"name":"wp","href":"https:\/\/api.w.org\/{rel}","templated":true}]}}