{"id":32670,"date":"2018-09-05T10:54:37","date_gmt":"2018-09-05T13:54:37","guid":{"rendered":"https:\/\/www.actualidadadiario.com\/?p=32670"},"modified":"2018-11-06T19:38:22","modified_gmt":"2018-11-06T22:38:22","slug":"los-gobernadores-lo-pidieron-y-macri-los-convoco-para-la-semana-que-viene","status":"publish","type":"post","link":"https:\/\/www.actualidadadiario.com\/index.php\/2018\/09\/05\/los-gobernadores-lo-pidieron-y-macri-los-convoco-para-la-semana-que-viene\/","title":{"rendered":"Los gobernadores lo pidieron y Macri los convoc\u00f3 para la semana que viene"},"content":{"rendered":"<p><em><strong>Los jefes provinciales m\u00e1s duros del peronismo se reunieron hoy y criticaron que deben enterarse de las medidas por los medios. Reclamaron que el Ejecutivo los llame para debatir salidas y el Gobierno acus\u00f3 recibo<\/strong><\/em><\/p>\n<p>&nbsp;<\/p>\n<p>&nbsp;<\/p>\n<p>&nbsp;<\/p>\n<p>&nbsp;<\/p>\n<p>El Gobierno convoc\u00f3 a los gobernadores a una reuni\u00f3n la semana que viene para discutir la situaci\u00f3n econ\u00f3mica en el marco de la crisis suscitada por la corrida cambiaria y los cambios en el Gabinete. El encuentro ser\u00e1 presidido por el presidente Mauricio Macri y es una respuesta al reclamo surgido hoy de los jefes provinciales m\u00e1s duros del justicialismo, que realizaron el planteo acompa\u00f1ados por el jefe del bloque de senadores Miguel \u00c1ngel Pichetto y el titular del Frente Renovador, Sergio Massa, quienes volvieron a reclamar di\u00e1logo al gobierno nacional.<\/p>\n<p>&nbsp;<\/p>\n<p>Luego del encuentro que se desarroll\u00f3 en el Consejo Federal de Inversiones (CFI), y que se repetir\u00e1 la semana entrante, los jefes de los estados subnacionales m\u00e1s duros en la relaci\u00f3n con la Casa Rosada le pidieron al Gobierno nacional que los cite para encontrar una salida el estado de emergencia que se\u00f1al\u00f3 el presidente Mauricio Macri.<\/p>\n<p>&nbsp;<\/p>\n<p>En un nuevo encuentro en el Consejo Federal de Inversiones (CFI) los mandatarios provinciales Carlos Verna (La Pampa), Juan Manzur (Tucum\u00e1n), Gildo Insfr\u00e1n (Formosa), Luc\u00eda Corpacci (Catamarca), Rosana Bertone (Tierra del Fuego), Mariano Arcioni (Chubut), Gerardo Zamora (Santiago del Estero) Alberto Rodr\u00edguez Sa\u00e1 (San Luis) son de la partida. No asist\u00edan los representantes del denominado PJ dialoguista (Juan Manuel Urtubey de Salta, Juan Schiaretti de C\u00f3rdoba y Sergio U\u00f1ac de San Juan).<\/p>\n<p>&nbsp;<\/p>\n<p>Tambi\u00e9n participaron por el Frente Renovador los diputados Graciela Cama\u00f1o y Diego Bossio y el senador por el PJ y miembro del interbloque Argentina Federal, Jos\u00e9 Mayans. Al igual que la semana pasada, participaron Rodolfo Daer (Alimentaci\u00f3n), Andr\u00e9s Rodr\u00edguez (UPCN) y Omar Maturano (La Fraternidad) por la CGT.<\/p>\n<p>&nbsp;<\/p>\n<p>&#8220;Queremos ver de qu\u00e9 manera podemos ayudar, qu\u00e9 quiere que hagamos. Lo que todos queremos hoy es ayudar y llevar tranquilidad a todo el pueblo argentino. Vamos a acompa\u00f1ar la gobernabilidad, eso no se discute. Es un\u00e1nime&#8221;, dijo el gobernador de Tucum\u00e1n, Juan Manzur, quien luego se quej\u00f3 porque aseguran que se enteran de las medidas &#8220;por la televisi\u00f3n. No nos dicen las medidas&#8221;.<\/p>\n<p>&nbsp;<\/p>\n<p>Se esperaba la redacci\u00f3n de un comunicado oficial pero los presentes definieron unificar el discurso en el pedido para que la Casa Rosada los cite a discutir medidas que apunten a la mejora del mercado interno y la puesta en marcha del plan productivo.<\/p>\n","protected":false},"excerpt":{"rendered":"<p>Los jefes provinciales m\u00e1s duros del peronismo se reunieron hoy y criticaron que deben enterarse de las medidas por los medios. Reclamaron que el Ejecutivo los llame para debatir salidas y el Gobierno acus\u00f3 recibo &nbsp; &nbsp; &nbsp; &nbsp; El Gobierno convoc\u00f3 a los gobernadores a una reuni\u00f3n la semana que viene para discutir la situaci\u00f3n econ\u00f3mica en el marco de la crisis suscitada por la corrida cambiaria y los cambios en el Gabinete. El encuentro ser\u00e1 presidido por el presidente Mauricio Macri y es una respuesta al reclamo surgido&#8230;<\/p>\n","protected":false},"author":3,"featured_media":32671,"comment_status":"closed","ping_status":"closed","sticky":false,"template":"","format":"standard","meta":[],"categories":[18],"tags":[],"_links":{"self":[{"href":"https:\/\/www.actualidadadiario.com\/index.php\/wp-json\/wp\/v2\/posts\/32670"}],"collection":[{"href":"https:\/\/www.actualidadadiario.com\/index.php\/wp-json\/wp\/v2\/posts"}],"about":[{"href":"https:\/\/www.actualidadadiario.com\/index.php\/wp-json\/wp\/v2\/types\/post"}],"author":[{"embeddable":true,"href":"https:\/\/www.actualidadadiario.com\/index.php\/wp-json\/wp\/v2\/users\/3"}],"replies":[{"embeddable":true,"href":"https:\/\/www.actualidadadiario.com\/index.php\/wp-json\/wp\/v2\/comments?post=32670"}],"version-history":[{"count":1,"href":"https:\/\/www.actualidadadiario.com\/index.php\/wp-json\/wp\/v2\/posts\/32670\/revisions"}],"predecessor-version":[{"id":32672,"href":"https:\/\/www.actualidadadiario.com\/index.php\/wp-json\/wp\/v2\/posts\/32670\/revisions\/32672"}],"wp:featuredmedia":[{"embeddable":true,"href":"https:\/\/www.actualidadadiario.com\/index.php\/wp-json\/wp\/v2\/media\/32671"}],"wp:attachment":[{"href":"https:\/\/www.actualidadadiario.com\/index.php\/wp-json\/wp\/v2\/media?parent=32670"}],"wp:term":[{"taxonomy":"category","embeddable":true,"href":"https:\/\/www.actualidadadiario.com\/index.php\/wp-json\/wp\/v2\/categories?post=32670"},{"taxonomy":"post_tag","embeddable":true,"href":"https:\/\/www.actualidadadiario.com\/index.php\/wp-json\/wp\/v2\/tags?post=32670"}],"curies":[{"name":"wp","href":"https:\/\/api.w.org\/{rel}","templated":true}]}}