{"id":32664,"date":"2018-09-05T10:53:03","date_gmt":"2018-09-05T13:53:03","guid":{"rendered":"https:\/\/www.actualidadadiario.com\/?p=32664"},"modified":"2018-11-06T19:38:26","modified_gmt":"2018-11-06T22:38:26","slug":"ctera-convoco-a-un-paro-nacional-para-el-13-de-septiembre","status":"publish","type":"post","link":"https:\/\/www.actualidadadiario.com\/index.php\/2018\/09\/05\/ctera-convoco-a-un-paro-nacional-para-el-13-de-septiembre\/","title":{"rendered":"CTERA convoc\u00f3 a un paro nacional para el 13 de septiembre"},"content":{"rendered":"<p><em><strong>Ser\u00e1 con movilizaci\u00f3n al Congreso de la Naci\u00f3n, en &#8220;defensa del presupuesto educativo&#8221; y tambi\u00e9n para reclamar una &#8220;nueva Ley de financiamiento&#8221;<\/strong><\/em><\/p>\n<p>&nbsp;<\/p>\n<p>&nbsp;<\/p>\n<p>&nbsp;<\/p>\n<p>&nbsp;<\/p>\n<p>&nbsp;<\/p>\n<p>La titular de CTERA, el principal sindicato de docentes nacionales, Sonia Alesso, anunci\u00f3 este martes la convocatoria a un paro en todo el pa\u00eds para el jueves 13 de este mes, junto a una Marcha Nacional al Congreso de la Naci\u00f3n, en &#8220;defensa del presupuesto educativo&#8221;.<\/p>\n<p>&nbsp;<\/p>\n<p>&#8220;Nos quitaron la paritaria nacional docente, desinvierten en infraestructura escolar, afectan a la universidad p\u00fablica, as\u00ed que marcharemos todos los sectores&#8221;, sostuvo Alesso en declaraciones a la radio Cadena 3.<\/p>\n<p>&nbsp;<\/p>\n<p>El nuevo paro y la marcha ser\u00e1 bajo la consigna &#8220;La educaci\u00f3n p\u00fablica est\u00e1 en peligro&#8221; y reclamar\u00e1n por &#8220;defensa del salario; condiciones dignas para ense\u00f1ar y aprender; la continuidad del FONID (Fondo Nacional de Incentivo Docente) y del Fondo Compensador; y mayor presupuesto para Educaci\u00f3n&#8221;.<\/p>\n<p>&nbsp;<\/p>\n<p>Tambi\u00e9n exigen &#8220;nueva Ley de Financiamiento Educativo; defensa de la jubilaci\u00f3n y de la universidad p\u00fablica&#8221;.<\/p>\n","protected":false},"excerpt":{"rendered":"<p>Ser\u00e1 con movilizaci\u00f3n al Congreso de la Naci\u00f3n, en &#8220;defensa del presupuesto educativo&#8221; y tambi\u00e9n para reclamar una &#8220;nueva Ley de financiamiento&#8221; &nbsp; &nbsp; &nbsp; &nbsp; &nbsp; La titular de CTERA, el principal sindicato de docentes nacionales, Sonia Alesso, anunci\u00f3 este martes la convocatoria a un paro en todo el pa\u00eds para el jueves 13 de este mes, junto a una Marcha Nacional al Congreso de la Naci\u00f3n, en &#8220;defensa del presupuesto educativo&#8221;. &nbsp; &#8220;Nos quitaron la paritaria nacional docente, desinvierten en infraestructura escolar, afectan a la universidad p\u00fablica, as\u00ed&#8230;<\/p>\n","protected":false},"author":3,"featured_media":32665,"comment_status":"closed","ping_status":"closed","sticky":false,"template":"","format":"standard","meta":[],"categories":[18],"tags":[],"_links":{"self":[{"href":"https:\/\/www.actualidadadiario.com\/index.php\/wp-json\/wp\/v2\/posts\/32664"}],"collection":[{"href":"https:\/\/www.actualidadadiario.com\/index.php\/wp-json\/wp\/v2\/posts"}],"about":[{"href":"https:\/\/www.actualidadadiario.com\/index.php\/wp-json\/wp\/v2\/types\/post"}],"author":[{"embeddable":true,"href":"https:\/\/www.actualidadadiario.com\/index.php\/wp-json\/wp\/v2\/users\/3"}],"replies":[{"embeddable":true,"href":"https:\/\/www.actualidadadiario.com\/index.php\/wp-json\/wp\/v2\/comments?post=32664"}],"version-history":[{"count":1,"href":"https:\/\/www.actualidadadiario.com\/index.php\/wp-json\/wp\/v2\/posts\/32664\/revisions"}],"predecessor-version":[{"id":32666,"href":"https:\/\/www.actualidadadiario.com\/index.php\/wp-json\/wp\/v2\/posts\/32664\/revisions\/32666"}],"wp:featuredmedia":[{"embeddable":true,"href":"https:\/\/www.actualidadadiario.com\/index.php\/wp-json\/wp\/v2\/media\/32665"}],"wp:attachment":[{"href":"https:\/\/www.actualidadadiario.com\/index.php\/wp-json\/wp\/v2\/media?parent=32664"}],"wp:term":[{"taxonomy":"category","embeddable":true,"href":"https:\/\/www.actualidadadiario.com\/index.php\/wp-json\/wp\/v2\/categories?post=32664"},{"taxonomy":"post_tag","embeddable":true,"href":"https:\/\/www.actualidadadiario.com\/index.php\/wp-json\/wp\/v2\/tags?post=32664"}],"curies":[{"name":"wp","href":"https:\/\/api.w.org\/{rel}","templated":true}]}}