{"id":32658,"date":"2018-09-05T10:51:45","date_gmt":"2018-09-05T13:51:45","guid":{"rendered":"https:\/\/www.actualidadadiario.com\/?p=32658"},"modified":"2018-11-06T19:38:26","modified_gmt":"2018-11-06T22:38:26","slug":"el-gobierno-cede-y-acepta-frenar-la-baja-de-bienes-personales-para-tener-el-presupuesto","status":"publish","type":"post","link":"https:\/\/www.actualidadadiario.com\/index.php\/2018\/09\/05\/el-gobierno-cede-y-acepta-frenar-la-baja-de-bienes-personales-para-tener-el-presupuesto\/","title":{"rendered":"El Gobierno cede y acepta frenar la baja de bienes personales para tener el Presupuesto"},"content":{"rendered":"<p><em><strong>La Rosada apura el acuerdo para dar un mensaje al FMI. Convocan a los gobernadores para la semana que viene<\/strong><\/em><\/p>\n<p>&nbsp;<\/p>\n<p>&nbsp;<\/p>\n<p>&nbsp;<\/p>\n<p>&nbsp;<\/p>\n<p>El Gobierno cedi\u00f3 ante el pedido de los gobernadores de revisar los ingresos del Estado y no s\u00f3lo ajustar el gasto para avanzar con el acuerdo por el Presupuesto 2019 que debe enviar al Congreso la semana que viene.<\/p>\n<p>&nbsp;<\/p>\n<p>La administraci\u00f3n de Mauricio Macri debi\u00f3 ablandar su postura respecto de reuniones anteriores porque considera clave tener acordado el Presupuesto con la oposici\u00f3n como una se\u00f1al de respaldo institucional para ofrecer al FMI.<\/p>\n<p>&nbsp;<\/p>\n<p>Rogelio Frigerio recibi\u00f3 este martes en el sal\u00f3n de los escudos de la Casa Rosada a los ministros de Econom\u00eda y dem\u00e1s emisarios de las 19 provincias opositoras.<\/p>\n<p>&nbsp;<\/p>\n<p>El ministro del Interior estuvo acompa\u00f1ado por funcionarios del \u00e1rea de ingresos p\u00fablicos de Hacienda, lo que fue tomado como un gesto de apertura por parte de los emisarios provinciales que en la \u00faltima reuni\u00f3n se hab\u00edan ido con la negativa del Ejecutivo ante la idea de revisar los ingresos.<\/p>\n<p>&nbsp;<\/p>\n<p>Un ministro provincial explic\u00f3 que la Rosada se comprometi\u00f3 a mejorar y revisar las exenciones del impuesto a las ganancias y de bienes personales que gozan los grandes beneficiarios, una medida que beneficia a los que se acogieron al blanqueo, aunque mantengan decenas de miles de millones de d\u00f3lares en el exterior. Este punto fue especialmente cuestionado por los gobernadores peronistas en la reuni\u00f3n que mantuvieron la semana pasada en el CFI junto a Sergio Massa y Miguel \u00c1ngel Pichetto.<\/p>\n<p>&nbsp;<\/p>\n<p>En ese sentido, el gobierno tuvo que ir donde no quer\u00eda en la \u00faltima reuni\u00f3n de dos semanas atr\u00e1s, cuando s\u00f3lo exig\u00eda revisar los gastos para llegar al n\u00famero de 100 mil millones de pesos de ajuste en las provincias.<\/p>\n<p>&nbsp;<\/p>\n<p>Frigerio, que estuvo acompa\u00f1ado por los diputados Luciano Laspina y Nicol\u00e1s Massot, acorda\u00f3 con los ministros provinciales un cuarto intermedio para el jueves. Ese d\u00eda asistir\u00e1 el ministro de Transporte, Guillermo Dietrich, para explicar el traspaso de los subsidios de Transporte que el Ejecutivo quiere transferir a las provincias. Tambi\u00e9n se espera la presencia del secretario de Energ\u00eda, Javier Iguacel, para que hable de los subsidios a las el\u00e9ctricas.<\/p>\n<p>&nbsp;<\/p>\n<p>Desde las provincias admiten que podr\u00edan llegar a un preacuerdo si el Gobierno avanza con los pedidos de los gobernadores. &#8220;Estamos muy cerca&#8221;, asegur\u00f3 el jefe de gabinete de Salta, Fernando Yarade. &#8220;Se entendi\u00f3 que no s\u00f3lo hab\u00eda que reducirle gastos a las provincias sino ampliar el horizonte fiscal y la base tributaria&#8221;, se\u00f1al\u00f3.<\/p>\n<p>&nbsp;<\/p>\n<p>Para apurar el acuerdo, Macri convocar\u00e1 a los gobernadores para la semana que viene, luego del pedido que hicieron este martes en el CFI junto a Sergio Massa y Miguel Pichetto. En el encuentro de la semana que viene estar\u00e1 el propio Macri junto a Marcos Pe\u00f1a, Frigerio y Nicol\u00e1s Dujovne.<\/p>\n","protected":false},"excerpt":{"rendered":"<p>La Rosada apura el acuerdo para dar un mensaje al FMI. Convocan a los gobernadores para la semana que viene &nbsp; &nbsp; &nbsp; &nbsp; El Gobierno cedi\u00f3 ante el pedido de los gobernadores de revisar los ingresos del Estado y no s\u00f3lo ajustar el gasto para avanzar con el acuerdo por el Presupuesto 2019 que debe enviar al Congreso la semana que viene. &nbsp; La administraci\u00f3n de Mauricio Macri debi\u00f3 ablandar su postura respecto de reuniones anteriores porque considera clave tener acordado el Presupuesto con la oposici\u00f3n como una se\u00f1al&#8230;<\/p>\n","protected":false},"author":3,"featured_media":32659,"comment_status":"closed","ping_status":"closed","sticky":false,"template":"","format":"standard","meta":[],"categories":[18],"tags":[],"_links":{"self":[{"href":"https:\/\/www.actualidadadiario.com\/index.php\/wp-json\/wp\/v2\/posts\/32658"}],"collection":[{"href":"https:\/\/www.actualidadadiario.com\/index.php\/wp-json\/wp\/v2\/posts"}],"about":[{"href":"https:\/\/www.actualidadadiario.com\/index.php\/wp-json\/wp\/v2\/types\/post"}],"author":[{"embeddable":true,"href":"https:\/\/www.actualidadadiario.com\/index.php\/wp-json\/wp\/v2\/users\/3"}],"replies":[{"embeddable":true,"href":"https:\/\/www.actualidadadiario.com\/index.php\/wp-json\/wp\/v2\/comments?post=32658"}],"version-history":[{"count":1,"href":"https:\/\/www.actualidadadiario.com\/index.php\/wp-json\/wp\/v2\/posts\/32658\/revisions"}],"predecessor-version":[{"id":32660,"href":"https:\/\/www.actualidadadiario.com\/index.php\/wp-json\/wp\/v2\/posts\/32658\/revisions\/32660"}],"wp:featuredmedia":[{"embeddable":true,"href":"https:\/\/www.actualidadadiario.com\/index.php\/wp-json\/wp\/v2\/media\/32659"}],"wp:attachment":[{"href":"https:\/\/www.actualidadadiario.com\/index.php\/wp-json\/wp\/v2\/media?parent=32658"}],"wp:term":[{"taxonomy":"category","embeddable":true,"href":"https:\/\/www.actualidadadiario.com\/index.php\/wp-json\/wp\/v2\/categories?post=32658"},{"taxonomy":"post_tag","embeddable":true,"href":"https:\/\/www.actualidadadiario.com\/index.php\/wp-json\/wp\/v2\/tags?post=32658"}],"curies":[{"name":"wp","href":"https:\/\/api.w.org\/{rel}","templated":true}]}}