{"id":32648,"date":"2018-09-05T10:48:28","date_gmt":"2018-09-05T13:48:28","guid":{"rendered":"https:\/\/www.actualidadadiario.com\/?p=32648"},"modified":"2018-11-06T19:38:27","modified_gmt":"2018-11-06T22:38:27","slug":"la-recaudacion-crecio-menos-que-la-inflacion","status":"publish","type":"post","link":"https:\/\/www.actualidadadiario.com\/index.php\/2018\/09\/05\/la-recaudacion-crecio-menos-que-la-inflacion\/","title":{"rendered":"La recaudaci\u00f3n creci\u00f3 menos que la inflaci\u00f3n"},"content":{"rendered":"<p><em><strong>La recaudaci\u00f3n tributaria mostr\u00f3 un crecimiento nominal de 32,6% interanual en agosto, que qued\u00f3 nuevamente por debajo de la inflaci\u00f3n que observaron los privados para los \u00faltimos 12 meses. As\u00ed, para ACM la ca\u00edda real fue de 1,3%. La explicaci\u00f3n para el resultado negativo es el menor nivel de actividad que se viene registrando por la combinaci\u00f3n de la sequ\u00eda y la baja en el consumo que gener\u00f3 el rebrote inflacionario<\/strong><\/em><\/p>\n<p>&nbsp;<\/p>\n<p>&nbsp;<\/p>\n<p>&nbsp;<\/p>\n<p>&nbsp;<\/p>\n<p>Los tributos relacionados con la actividad econ\u00f3mica no permitieron dar buenas noticias. El IVA, el indicador por excelencia del consumo, dio una variaci\u00f3n nominal de 31,9%, lo que en t\u00e9rminos reales signific\u00f3, seg\u00fan ACM, una ca\u00edda de 1,8%. Por el lado del impuesto al cheque se registr\u00f3 una variaci\u00f3n de 40,8%, es decir una mejora real de 4,8%. Pero desde AFIP reconocieron que se dio en parte porque agosto tuvo un d\u00eda h\u00e1bil m\u00e1s que el mismo mes del a\u00f1o pasado.<\/p>\n<p>&nbsp;<\/p>\n<p>Aun as\u00ed, el director ejecutivo de AFIP, Leandro Cuccioli, afirm\u00f3: &#8220;La recaudaci\u00f3n de este mes volvi\u00f3 a mostrar buenos resultados en el IVA, Ganancias y el impuesto a los d\u00e9bitos y cr\u00e9ditos en cuenta corriente, entre otros&#8221;. El caso de Ganancias tambi\u00e9n tiene una salvedad: dio una mejora de 7,9% pero desde AFIP avisaron que influy\u00f3 el primer anticipo del impuesto, que este a\u00f1o fue en agosto y hab\u00eda sido en julio en 2018. Lo mismo pas\u00f3 con Bienes Personales, que aun as\u00ed dio una ca\u00edda real de 34,4%. La seguridad social, por su parte, marc\u00f3 un negativo real de 9,5%.<\/p>\n<p>&nbsp;<\/p>\n<p>En cuanto a los impuestos relacionados con el comercio exterior, los de exportaci\u00f3n acusaron el golpe de la sequ\u00eda y la baja de las retenciones, y tuvieron una merma real de 28,1%. En cambio, los de importaci\u00f3n crecieron 12,4%.<\/p>\n","protected":false},"excerpt":{"rendered":"<p>La recaudaci\u00f3n tributaria mostr\u00f3 un crecimiento nominal de 32,6% interanual en agosto, que qued\u00f3 nuevamente por debajo de la inflaci\u00f3n que observaron los privados para los \u00faltimos 12 meses. As\u00ed, para ACM la ca\u00edda real fue de 1,3%. La explicaci\u00f3n para el resultado negativo es el menor nivel de actividad que se viene registrando por la combinaci\u00f3n de la sequ\u00eda y la baja en el consumo que gener\u00f3 el rebrote inflacionario &nbsp; &nbsp; &nbsp; &nbsp; Los tributos relacionados con la actividad econ\u00f3mica no permitieron dar buenas noticias. El IVA, el&#8230;<\/p>\n","protected":false},"author":3,"featured_media":32649,"comment_status":"closed","ping_status":"closed","sticky":false,"template":"","format":"standard","meta":[],"categories":[2],"tags":[],"_links":{"self":[{"href":"https:\/\/www.actualidadadiario.com\/index.php\/wp-json\/wp\/v2\/posts\/32648"}],"collection":[{"href":"https:\/\/www.actualidadadiario.com\/index.php\/wp-json\/wp\/v2\/posts"}],"about":[{"href":"https:\/\/www.actualidadadiario.com\/index.php\/wp-json\/wp\/v2\/types\/post"}],"author":[{"embeddable":true,"href":"https:\/\/www.actualidadadiario.com\/index.php\/wp-json\/wp\/v2\/users\/3"}],"replies":[{"embeddable":true,"href":"https:\/\/www.actualidadadiario.com\/index.php\/wp-json\/wp\/v2\/comments?post=32648"}],"version-history":[{"count":1,"href":"https:\/\/www.actualidadadiario.com\/index.php\/wp-json\/wp\/v2\/posts\/32648\/revisions"}],"predecessor-version":[{"id":32650,"href":"https:\/\/www.actualidadadiario.com\/index.php\/wp-json\/wp\/v2\/posts\/32648\/revisions\/32650"}],"wp:featuredmedia":[{"embeddable":true,"href":"https:\/\/www.actualidadadiario.com\/index.php\/wp-json\/wp\/v2\/media\/32649"}],"wp:attachment":[{"href":"https:\/\/www.actualidadadiario.com\/index.php\/wp-json\/wp\/v2\/media?parent=32648"}],"wp:term":[{"taxonomy":"category","embeddable":true,"href":"https:\/\/www.actualidadadiario.com\/index.php\/wp-json\/wp\/v2\/categories?post=32648"},{"taxonomy":"post_tag","embeddable":true,"href":"https:\/\/www.actualidadadiario.com\/index.php\/wp-json\/wp\/v2\/tags?post=32648"}],"curies":[{"name":"wp","href":"https:\/\/api.w.org\/{rel}","templated":true}]}}