{"id":32645,"date":"2018-09-05T10:47:38","date_gmt":"2018-09-05T13:47:38","guid":{"rendered":"https:\/\/www.actualidadadiario.com\/?p=32645"},"modified":"2018-11-06T19:38:27","modified_gmt":"2018-11-06T22:38:27","slug":"la-uia-critico-la-especulacion-financiera-ante-macri-quien-ratifico-el-programa-de-ajuste","status":"publish","type":"post","link":"https:\/\/www.actualidadadiario.com\/index.php\/2018\/09\/05\/la-uia-critico-la-especulacion-financiera-ante-macri-quien-ratifico-el-programa-de-ajuste\/","title":{"rendered":"La UIA critic\u00f3 la &#8220;especulaci\u00f3n financiera&#8221; ante Macri quien ratific\u00f3 el programa de ajuste"},"content":{"rendered":"<p><em><strong>&#8220;Es el \u00fanico camino&#8221;, dijo el presidente al remarcar la v\u00eda de renegociar con el FMI<\/strong><\/em><\/p>\n<p>&nbsp;<\/p>\n<p>&nbsp;<\/p>\n<p>&nbsp;<\/p>\n<p>El titular de la Uni\u00f3n Industrial Argentina (UIA), Miguel Acevedo, critic\u00f3 la devaluaci\u00f3n y el regreso de las retenciones para el sector &#8220;que no toman en cuenta las particularidades de las econom\u00edas regionales&#8221;. Ante el presidente Mauricio Macri, que lo escuchaba antes de cerrar la tradicional conferencia anual que se celebra en Parque Norte, el representante de Aceitera General Deheza pidi\u00f3 por un tipo de cambio &#8220;competitivo, estable y previsible&#8221; y cuestion\u00f3 que la suba haya sido impulsada por la &#8220;especulaci\u00f3n financiera&#8221;, en un duro discurso que fue interrumpido por aplausos en m\u00e1s de una oportunidad.<\/p>\n<p>&nbsp;<\/p>\n<p>&#8220;Coincido en todo&#8221;, le contest\u00f3 el mandatario cuando tom\u00f3 el control del estrado, con un tono mucho m\u00e1s relajado en relaci\u00f3n al mensaje grabado del lunes. De hecho, hasta se anim\u00f3 a hacer uno de sus infaltables chistes, al consultar si se estaba festejando el d\u00eda de la Industria o el cumplea\u00f1os del ministro Dante Sica. Sin embargo, el jefe de Estado ratific\u00f3 el gabinete y que el camino tomado por la administraci\u00f3n de Cambiemos es &#8220;el \u00fanico&#8221; para salir de la crisis: un Presupuesto &#8220;equilibrado&#8221; y renegociar el acuerdo con el Fondo para despejar las necesidades de financiamiento del a\u00f1o que viene.<\/p>\n<p>&nbsp;<\/p>\n<p>En ese marco, Macri defendi\u00f3 la aplicaci\u00f3n de los derechos de exportaci\u00f3n y le pidi\u00f3 a los industriales que hagan &#8220;un mayor aporte&#8221;. &#8220;Basta de creer que es cuesti\u00f3n de magia o de nombres. Tenemos que hacer los deberes, nadie va a hacer nuestra tarea&#8221;, sentenci\u00f3, ante un auditorio que lo aplaudi\u00f3 protocolarmente, cuando lleg\u00f3 y cuando se fue, a diferencia de lo que ocurri\u00f3 en a\u00f1os anteriores.<\/p>\n<p>&nbsp;<\/p>\n<p>Por su parte, Acevedo se concentr\u00f3 en una &#8220;integraci\u00f3n al mundo desprovista de ingenuidades&#8221;, a partir de la organizaci\u00f3n del G20 y B20 en diciembre. &#8220;Las din\u00e1micas del comercio internacional est\u00e1n mostrando c\u00f3mo cada pa\u00eds cuida su mercado interno, al mismo tiempo que busca maximizar sus exportaciones&#8221;, advirti\u00f3.<\/p>\n<p>&nbsp;<\/p>\n<p>El titular de la UIA recomend\u00f3 sumar valor agregado en las ventas al exterior, aunque reconoci\u00f3 que &#8220;no se logra de la noche a la ma\u00f1ana ni producto de una devaluaci\u00f3n&#8221;. &#8220;El tipo de cambio es un instrumento m\u00e1s, y que debe ser competitivo, estable y previsible. Nunca resultado de una especulaci\u00f3n financiera&#8221;, asegur\u00f3 el dirigente empresario.<\/p>\n<p>&nbsp;<\/p>\n<p>&#8220;Entendemos las necesidades fiscales aunque es nuestro deber se\u00f1alar que el dise\u00f1o del esquema transversal de retenciones desincentiva totalmente la agregaci\u00f3n de valor y la generaci\u00f3n de empleo de calidad. Tampoco toma en cuenta las realidades sectoriales, ni las particularidades regionales&#8221;, fustig\u00f3 Acevedo.<\/p>\n<p>&nbsp;<\/p>\n<p>En otro orden, resalt\u00f3 que &#8220;sostener la cadena de pagos de las peque\u00f1as empresas en un contexto de altas tasas de inter\u00e9s es otra de las prioridades&#8221;. Vamos a colaborar m\u00e1s que nunca con los organismos p\u00fablicos para amortiguar el impacto de la coyuntura&#8221;, dijo.<\/p>\n<p>&nbsp;<\/p>\n<p>Y concluy\u00f3: &#8220;Industrializarnos es la mejor manera de multiplicar todo el potencial que por geograf\u00eda y naturaleza poseemos, y sentar las bases para la generaci\u00f3n de d\u00f3lares genuinos que tanto necesitamos&#8221;.<\/p>\n","protected":false},"excerpt":{"rendered":"<p>&#8220;Es el \u00fanico camino&#8221;, dijo el presidente al remarcar la v\u00eda de renegociar con el FMI &nbsp; &nbsp; &nbsp; El titular de la Uni\u00f3n Industrial Argentina (UIA), Miguel Acevedo, critic\u00f3 la devaluaci\u00f3n y el regreso de las retenciones para el sector &#8220;que no toman en cuenta las particularidades de las econom\u00edas regionales&#8221;. Ante el presidente Mauricio Macri, que lo escuchaba antes de cerrar la tradicional conferencia anual que se celebra en Parque Norte, el representante de Aceitera General Deheza pidi\u00f3 por un tipo de cambio &#8220;competitivo, estable y previsible&#8221; y&#8230;<\/p>\n","protected":false},"author":3,"featured_media":32646,"comment_status":"closed","ping_status":"closed","sticky":false,"template":"","format":"standard","meta":[],"categories":[2],"tags":[],"_links":{"self":[{"href":"https:\/\/www.actualidadadiario.com\/index.php\/wp-json\/wp\/v2\/posts\/32645"}],"collection":[{"href":"https:\/\/www.actualidadadiario.com\/index.php\/wp-json\/wp\/v2\/posts"}],"about":[{"href":"https:\/\/www.actualidadadiario.com\/index.php\/wp-json\/wp\/v2\/types\/post"}],"author":[{"embeddable":true,"href":"https:\/\/www.actualidadadiario.com\/index.php\/wp-json\/wp\/v2\/users\/3"}],"replies":[{"embeddable":true,"href":"https:\/\/www.actualidadadiario.com\/index.php\/wp-json\/wp\/v2\/comments?post=32645"}],"version-history":[{"count":1,"href":"https:\/\/www.actualidadadiario.com\/index.php\/wp-json\/wp\/v2\/posts\/32645\/revisions"}],"predecessor-version":[{"id":32647,"href":"https:\/\/www.actualidadadiario.com\/index.php\/wp-json\/wp\/v2\/posts\/32645\/revisions\/32647"}],"wp:featuredmedia":[{"embeddable":true,"href":"https:\/\/www.actualidadadiario.com\/index.php\/wp-json\/wp\/v2\/media\/32646"}],"wp:attachment":[{"href":"https:\/\/www.actualidadadiario.com\/index.php\/wp-json\/wp\/v2\/media?parent=32645"}],"wp:term":[{"taxonomy":"category","embeddable":true,"href":"https:\/\/www.actualidadadiario.com\/index.php\/wp-json\/wp\/v2\/categories?post=32645"},{"taxonomy":"post_tag","embeddable":true,"href":"https:\/\/www.actualidadadiario.com\/index.php\/wp-json\/wp\/v2\/tags?post=32645"}],"curies":[{"name":"wp","href":"https:\/\/api.w.org\/{rel}","templated":true}]}}