{"id":32609,"date":"2018-09-04T11:00:27","date_gmt":"2018-09-04T14:00:27","guid":{"rendered":"https:\/\/www.actualidadadiario.com\/?p=32609"},"modified":"2018-11-06T19:38:27","modified_gmt":"2018-11-06T22:38:27","slug":"uruguay-asegura-que-la-crisis-argentina-no-impactara-en-la-economia-del-pais","status":"publish","type":"post","link":"https:\/\/www.actualidadadiario.com\/index.php\/2018\/09\/04\/uruguay-asegura-que-la-crisis-argentina-no-impactara-en-la-economia-del-pais\/","title":{"rendered":"Uruguay asegura que la crisis argentina no impactar\u00e1 en la econom\u00eda del pa\u00eds"},"content":{"rendered":"<p><em><strong>El presidente Tabar\u00e9 V\u00e1zquez admiti\u00f3 que la crisis por la que atraviesa Argentina es \u201cpreocupante\u201d y que el gobierno sigue \u201cmuy de cerca\u201d el tema, que fue motivo de an\u00e1lisis en el Consejo de Ministros de la v\u00edspera. No obstante, asegur\u00f3 que Uruguay est\u00e1 preparado para enfrentar los efectos locales de las turbulencias del vecino<\/strong><\/em><\/p>\n<p>&nbsp;<\/p>\n<p>&nbsp;<\/p>\n<p>&nbsp;<\/p>\n<p>&nbsp;<\/p>\n<p>\u201cPuedo llevar total tranquilidad a la poblaci\u00f3n. Uruguay est\u00e1 muy s\u00f3lido desde el punto de vista financiero y econ\u00f3mico; va a seguir creciendo pese a las vicisitudes de la regi\u00f3n\u201d, se\u00f1al\u00f3 a la prensa V\u00e1zquez, quien particip\u00f3 en el acto de toma de posesi\u00f3n de los directores del Hospital Pereira Rossell de Montevideo.<\/p>\n<p>&nbsp;<\/p>\n<p>En este sentido, el mandatario asegur\u00f3 que el pa\u00eds tiene un \u201cequilibrio macroecon\u00f3mico muy s\u00f3lido\u201d, as\u00ed como el \u201creconocimiento de las organizaciones internacionales\u201d respeto a su \u201csolvencia financiera\u201d.<\/p>\n<p>&nbsp;<\/p>\n<p>De esta manera, record\u00f3 que hace \u201cpocos d\u00edas\u201d las aseguradoras internacionales ratificaron el grado inversor de Uruguay y lo ascendieron a estable.<\/p>\n<p>&nbsp;<\/p>\n<p>En l\u00ednea con recientes declaraciones del ministro de Econom\u00eda, Danilo Astori, el presidente insisti\u00f3 en que Uruguay tiene \u201creservas internacionales\u201d para \u201ccontemplar cualquier situaci\u00f3n\u201d que se pueda dar en el pa\u00eds.<\/p>\n<p>&nbsp;<\/p>\n<p>Astori hab\u00eda dicho el viernes pasado que \u201cUruguay tiene reservas muy altas\u201d lo que implica una \u201cgarant\u00eda extraordinariamente importante\u201d, al mencionar las diferencias entre la econom\u00eda local y la argentina.<\/p>\n<p>&nbsp;<\/p>\n<p>\u201cNo s\u00e9 si habr\u00e1 muchos pa\u00edses en el mundo cuyas reservas equivalgan al 30% del Producto como ocurre en Uruguay\u201d, dijo.<\/p>\n<p>&nbsp;<\/p>\n<p>Adem\u00e1s expres\u00f3 que si bien lo que ocurre en el pa\u00eds vecino puede preocupar, \u201clos bonos uruguayos se han fortalecido en el exterior (\u2026) El riesgo pa\u00eds de Uruguay, lejos de aumentar por su proximidad con Argentina ha disminuido, porque (Uruguay) tiene reglas de juego claras que ha mantenido y ha generado certezas\u201d.<\/p>\n<p>&nbsp;<\/p>\n<p>Por otra parte, el presidente sostuvo que \u201cUruguay est\u00e1 en el camino adecuado y esto tan dram\u00e1tico que se est\u00e1 viviendo en Argentina y tambi\u00e9n en Brasil demuestra fehacientemente que la conducci\u00f3n pol\u00edtica que tuvieron los tres gobiernos del Frente Amplio (FA) ha sido la adecuada\u201d, sostuvo.<\/p>\n<p>&nbsp;<\/p>\n<p>Asimismo, descart\u00f3 que el pa\u00eds pueda sufrir una \u201ccrisis financiera\u201d, debido a las reservas internacionales con las que cuenta, que ascienden a los 17 mil millones de d\u00f3lares.<\/p>\n<p>&nbsp;<\/p>\n<p>Para el presidente, la crisis en Argentina puede \u201cdilatar algo\u201d las negociaciones que lleva adelante el Mercosur como bloque, como el acuerdo con la Uni\u00f3n Europea.<\/p>\n<p>&nbsp;<\/p>\n<p>Ante esta posibilidad, anunci\u00f3 que convoc\u00f3 a los presidentes de Argentina, Mauricio Macri; de Brasil, Michel Temer, y de Paraguay, Mario Abdo, para celebrar una reuni\u00f3n en Montevideo \u201ca la brevedad\u201d.<\/p>\n<p>&nbsp;<\/p>\n<p>&nbsp;<\/p>\n<p><strong>Dinero K<\/strong><\/p>\n<p>Una de las preguntas que recibi\u00f3 V\u00e1zquez fue sobre la denuncia que un empresario argentino realiz\u00f3 la semana pasada por supuestas irregularidades en el financiamiento de los actos pol\u00edticos que el Frente Amplio realiz\u00f3 en Argentina durante la campa\u00f1a electoral del a\u00f1o 2004.<\/p>\n<p>&nbsp;<\/p>\n<p>\u201cQue yo sepa, no y lo desmiento totalmente\u201d, dijo. \u201cTodas las campa\u00f1as que se hicieron en Argentina fueron con la tarea militante de los frenteamplistas en Argentina y cuando el dinero no alcanz\u00f3 fue con el aporte central de FA. El FA destin\u00f3 dinero propio de nuestra militancia en Uruguay para reforzar lo que faltaba. Pero con dinero propio. Nunca recibimos dinero de ning\u00fan gobierno argentino\u201d, asegur\u00f3 el presidente.<\/p>\n<p>&nbsp;<\/p>\n<p>Consultado sobre los posibles v\u00ednculos de la denominada \u201cruta del dinero K\u201d con Uruguay, el presidente dijo que \u201clos dineros quiz\u00e1 entraron, todav\u00eda no se ha demostrado. De Argentina no ha venido ninguna denuncia. Pero si entraron, dada la solidez del sistema financiero y las medidas que hemos tomado contra el lavado de activos, no lo pudieron lavar y eso demuestra la solidez de Uruguay\u201d.<\/p>\n<p>&nbsp;<\/p>\n<p>Y sobre las declaraciones que d\u00edas atr\u00e1s realiz\u00f3 el director de Aduanas Enrique Canon, quien dijo que no se pod\u00eda controlar el 100% de lo que ingresa al pa\u00eds porque las fronteras son \u201cpermeables\u201d, el mandatario coincidi\u00f3. \u201cTodas las fronteras del mundo son porosas. Si usted viaja a Estados Unidos, por ejemplo, con todos los cuidados que tienen, no le revisan todos los bolsos de mano. Hacen una medici\u00f3n estad\u00edstica y por azar toman algunos casos para revisarlo\u201d, se\u00f1al\u00f3. Y puso tambi\u00e9n otro ejemplo, que es el del aeropuerto de Par\u00eds, donde \u201chay puertas por las que salen sin hacer declaraciones\u201d.<\/p>\n<p>&nbsp;<\/p>\n<p>\u201cEs imposible revisar todo lo que ingresa a un pa\u00eds. Pero tenemos que tener la tranquilidad de que ac\u00e1 no se pude lavar dinero, porque Uruguay ha sido reconocido como el pa\u00eds m\u00e1s seguro de la regi\u00f3n\u201d, concluy\u00f3.<\/p>\n<p>&nbsp;<\/p>\n<p>&nbsp;<\/p>\n<p><strong>El FA rechaza el ajuste de Macri<\/strong><\/p>\n<p>El s\u00e1bado pasado el Plenario del Frente Amplio emiti\u00f3 un comunicado planteando su \u201cpreocupaci\u00f3n\u201d por el \u201cagravamiento de la crisis social y el rechazo del nuevo ajuste econ\u00f3mico y el desmantelamiento de los derechos de los trabajadores y trabajadoras en la Rep\u00fablica Argentina. Ese modelo de ortodoxia neoliberal que ha contado y a\u00fan cuenta con entusiastas apoyos en la oposici\u00f3n uruguaya se ha agotado y ha llevado al hambre y a la miseria de muchos argentinos\u201d.<\/p>\n<p>&nbsp;<\/p>\n<p>&nbsp;<\/p>\n<p><strong>Menos gasto y un seguimiento del impacto<\/strong><\/p>\n<p>Desde la oposici\u00f3n las manifestaciones del presidente Tabar\u00e9 V\u00e1zquez \u2014y d\u00edas atr\u00e1s tambi\u00e9n del ministro Danilo Astori\u2014 tratando de llevar tranquilidad a la actividad econ\u00f3mica interna, fueron vistas con cierta inquietud.<\/p>\n<p>&nbsp;<\/p>\n<p>En el Partido Nacional, el senador Luis Lacalle Pou (Todos) instruy\u00f3 al equipo econ\u00f3mico que trabaja con \u00e9l y que encabeza la economista Azucena Arbeleche, para que haga un seguimiento pormenorizado de la evoluci\u00f3n de la situaci\u00f3n en Argentina y su incidencia en el mercado interno y en el sector exportador uruguayo.<\/p>\n<p>&nbsp;<\/p>\n<p>El monitoreo se har\u00e1 en forma global y por subsectores, explic\u00f3 a El Pa\u00eds el senador \u00c1lvaro Delgado.<\/p>\n<p>&nbsp;<\/p>\n<p>Un punto de especial preocupaci\u00f3n es c\u00f3mo estas medidas tomadas por el gobierno argentino de Mauricio Macri puedan impactar en el turismo con vistas a la ya cercana temporada. Desde el Partido Colorado, el senador Jos\u00e9 Amor\u00edn (Uruguay Batllista) pidi\u00f3 al gobierno que se controlen los gastos. \u201cEn Uruguay no se ha podido acotar los vol\u00famenes de d\u00e9ficit fiscal. A diferencia de lo que dice el ministro Astori, la fuerte crisis argentina va a afectar a Uruguay. Seguro va a afectar al turismo. El comercio uruguayo adem\u00e1s va a sentir a la gente que va a Argentina a hacer compras\u201d, dijo.<\/p>\n","protected":false},"excerpt":{"rendered":"<p>El presidente Tabar\u00e9 V\u00e1zquez admiti\u00f3 que la crisis por la que atraviesa Argentina es \u201cpreocupante\u201d y que el gobierno sigue \u201cmuy de cerca\u201d el tema, que fue motivo de an\u00e1lisis en el Consejo de Ministros de la v\u00edspera. No obstante, asegur\u00f3 que Uruguay est\u00e1 preparado para enfrentar los efectos locales de las turbulencias del vecino &nbsp; &nbsp; &nbsp; &nbsp; \u201cPuedo llevar total tranquilidad a la poblaci\u00f3n. Uruguay est\u00e1 muy s\u00f3lido desde el punto de vista financiero y econ\u00f3mico; va a seguir creciendo pese a las vicisitudes de la regi\u00f3n\u201d, se\u00f1al\u00f3&#8230;<\/p>\n","protected":false},"author":3,"featured_media":32610,"comment_status":"closed","ping_status":"closed","sticky":false,"template":"","format":"standard","meta":[],"categories":[4],"tags":[],"_links":{"self":[{"href":"https:\/\/www.actualidadadiario.com\/index.php\/wp-json\/wp\/v2\/posts\/32609"}],"collection":[{"href":"https:\/\/www.actualidadadiario.com\/index.php\/wp-json\/wp\/v2\/posts"}],"about":[{"href":"https:\/\/www.actualidadadiario.com\/index.php\/wp-json\/wp\/v2\/types\/post"}],"author":[{"embeddable":true,"href":"https:\/\/www.actualidadadiario.com\/index.php\/wp-json\/wp\/v2\/users\/3"}],"replies":[{"embeddable":true,"href":"https:\/\/www.actualidadadiario.com\/index.php\/wp-json\/wp\/v2\/comments?post=32609"}],"version-history":[{"count":1,"href":"https:\/\/www.actualidadadiario.com\/index.php\/wp-json\/wp\/v2\/posts\/32609\/revisions"}],"predecessor-version":[{"id":32611,"href":"https:\/\/www.actualidadadiario.com\/index.php\/wp-json\/wp\/v2\/posts\/32609\/revisions\/32611"}],"wp:featuredmedia":[{"embeddable":true,"href":"https:\/\/www.actualidadadiario.com\/index.php\/wp-json\/wp\/v2\/media\/32610"}],"wp:attachment":[{"href":"https:\/\/www.actualidadadiario.com\/index.php\/wp-json\/wp\/v2\/media?parent=32609"}],"wp:term":[{"taxonomy":"category","embeddable":true,"href":"https:\/\/www.actualidadadiario.com\/index.php\/wp-json\/wp\/v2\/categories?post=32609"},{"taxonomy":"post_tag","embeddable":true,"href":"https:\/\/www.actualidadadiario.com\/index.php\/wp-json\/wp\/v2\/tags?post=32609"}],"curies":[{"name":"wp","href":"https:\/\/api.w.org\/{rel}","templated":true}]}}