{"id":3260,"date":"2016-10-25T10:05:13","date_gmt":"2016-10-25T13:05:13","guid":{"rendered":"http:\/\/actualidadadiario.com\/site\/?p=3260"},"modified":"2016-10-25T10:05:13","modified_gmt":"2016-10-25T13:05:13","slug":"se-presento-el-anteproyecto-para-la-construccion-del-nuevo-puente-que-unira-a-las-provincias-de-entre-rios-y-santa-fe","status":"publish","type":"post","link":"https:\/\/www.actualidadadiario.com\/index.php\/2016\/10\/25\/se-presento-el-anteproyecto-para-la-construccion-del-nuevo-puente-que-unira-a-las-provincias-de-entre-rios-y-santa-fe\/","title":{"rendered":"Se present\u00f3 el anteproyecto para la construcci\u00f3n del nuevo puente que unir\u00e1 a las provincias de Entre R\u00edos y Santa Fe"},"content":{"rendered":"<p><em><strong>El ministro de Planeamiento, Luis Benedetto; y la titular de Vialidad provincial, Alicia Feltes, participaron este lunes junto a sus pares santafesinos y a autoridades nacionales y municipales de la presentaci\u00f3n de los estudios y los detalles de la traza del nuevo enlace vial que unir\u00e1 las provincias de Entre R\u00edos y Santa Fe, entre las dos ciudades capitales. El puente se construir\u00e1 a la altura del Camping Municipal de la Toma Vieja, en el lado Paran\u00e1. La licitaci\u00f3n se incluir\u00e1 en el presupuesto 2018 de la Naci\u00f3n<\/strong><\/em><\/p>\n<p>&nbsp;<\/p>\n<p>&nbsp;<\/p>\n<p>&nbsp;<\/p>\n<p>&nbsp;<\/p>\n<p>&nbsp;<\/p>\n<p>La presentaci\u00f3n se realiz\u00f3 en el distrito Santa Fe de Vialidad Nacional donde se brindaron precisiones de la traza y el lugar donde se construir\u00e1 el nuevo puente que conectar\u00e1 las ciudades de Paran\u00e1 y Santa Fe. La consultora ATEC S.A., adjudicataria de los trabajos del futuro enlace vial, fue la encargada de presentar el anteproyecto ante las autoridades nacionales, provinciales y municipales.<\/p>\n<p>&nbsp;<\/p>\n<p>Participaron en el encuentro el secretario de Planificaci\u00f3n de Transporte de la Naci\u00f3n, Germ\u00e1n Bussi; el director de Ingenier\u00eda y Operaciones de Vialidad Nacional, Juan Manuel Campana; el gerente de Planeamiento y Gesti\u00f3n de la Infraestructura Vial, Eduardo Plasencia. Tambi\u00e9n estuvieron los ministros de las provincias de Entre R\u00edos y Santa Fe, Luis Benedetto y Jos\u00e9 Garibay; los administradores provinciales de ambas \u00e1reas de Vialidad, Alicia Ben\u00edtez y Jorge Seghezzo; y los intendentes de las dos capitales, Sergio Varisco y Jos\u00e9 Corral.<\/p>\n<p>&nbsp;<\/p>\n<p>\u201cDesde la provincia de Entre R\u00edos, y tal como lo ha dispuesto el gobernador Gustavo Bordet, vamos a trabajar en todo lo que se requiera para concretar este enlace tan anhelado no solo por las dos ciudades que se comunican, sino por las dos provincias y las regiones involucradas, como la Regi\u00f3n Centro y el corredor Bioce\u00e1nico, que se ver\u00e1n beneficiadas\u201d, expres\u00f3 el ministro Benedetto.<\/p>\n<p>&nbsp;<\/p>\n<p>El titular de la cartera de Planeamiento detall\u00f3 que \u201cse lleg\u00f3 a un acuerdo y se firmar\u00e1 una acta donde se aceptan los t\u00e9rminos que explic\u00f3 la consultora y los estudios que est\u00e1 realizando en la materia. Estamos de acuerdo en lo que es la ubicaci\u00f3n del puente principal y el estudio de circunvalaci\u00f3n de la ciudad de Paran\u00e1, que es lo que a nosotros nos compete\u201d, indic\u00f3.<\/p>\n<p>&nbsp;<\/p>\n<p>Explic\u00f3 que tambi\u00e9n quedo establecido en el encuentro la periodicidad de reuniones de la Comisi\u00f3n T\u00e9cnica, y que se invit\u00f3 a los municipios para que participen. \u201cNos comprometimos a colaborar con toda la informaci\u00f3n existente para resolver los detalles de ingenier\u00eda en lo que es la circunvalaci\u00f3n de Paran\u00e1\u201d.<\/p>\n<p>&nbsp;<\/p>\n<p>Por su parte, la directora Administradora de la Direcci\u00f3n Provincial de Vialidad (DPV), Alicia Ben\u00edtez expres\u00f3: \u201cEsta es una jornada hist\u00f3rica para los entrerrianos y santafesinos ya que se present\u00f3 el anteproyecto de la traza del puente Paran\u00e1-Santa Fe\u201d.<\/p>\n<p>Agreg\u00f3 que con las obras complementarias del puente quedar\u00e1n unidos los accesos norte y sur, y las rutas 12, 18 y 11, a trav\u00e9s de una avenida de circunvalaci\u00f3n. Tambi\u00e9n record\u00f3 que el viernes se abrir\u00e1n los sobres con las ofertas para ejecutar las obras en el acceso sur de Paran\u00e1.<\/p>\n<p>&nbsp;<\/p>\n<p>&nbsp;<\/p>\n<p>&nbsp;<\/p>\n<p><strong>Definiciones de la obra <\/strong><\/p>\n<p>En la presentaci\u00f3n se precis\u00f3 el lugar de emplazamiento del puente principal que cruzar\u00e1 el r\u00edo Paran\u00e1 en el kil\u00f3metro 602,4 a la altura del Camping Municipal de la Toma Vieja en Paran\u00e1.<\/p>\n<p>&nbsp;<\/p>\n<p>Se inform\u00f3 que el puente principal ser\u00e1 atirantado, tendr\u00e1 una moderna tecnolog\u00eda constructiva, con una luz libre central de 350 metros y una altura de 35 sobre el nivel del r\u00edo. En los estudios fue analizado el transito fluvial de barcazas habituales en esa zona.<\/p>\n<p>&nbsp;<\/p>\n<p>Adem\u00e1s, se prev\u00e9 la construcci\u00f3n de cuatro calzadas de circulaci\u00f3n, dos en cada sentido y un separador central, donde se alojar\u00e1 un solo plano de obenques con estructuras transversales soportando ambas calzadas.<\/p>\n<p>&nbsp;<\/p>\n<p>El enlace f\u00edsico del lado Santa Fe estar\u00e1 compuesto de terraplenes, puentes en las islas, distribuidores viales y cruces ferroviarios hasta conectar con la circunvalaci\u00f3n de la ciudad, que dar\u00e1 conexiones con las rutas a C\u00f3rdoba y Rosario, fundamentalmente.<\/p>\n<p>&nbsp;<\/p>\n<p>Los viaductos de acceso ser\u00e1n de dos tramos de 90 y 140 metros, respectivamente, hasta el puente principal, y del lado Entre R\u00edos los viaductos ser\u00e1 dos de 90 metros cada uno.<\/p>\n<p>&nbsp;<\/p>\n<p>&nbsp;<\/p>\n<p>&nbsp;<\/p>\n<p><strong>Segunda etapa <\/strong><\/p>\n<p>Aprobados por parte de Vialidad Nacional los proyectos presentados por la consultora, se continuar\u00e1 con la segunda etapa que es la preparaci\u00f3n de la documentaci\u00f3n licitatoria, en un plazo de 18 meses. Se prev\u00e9 posteriormente convocar a empresas internacionales interesadas en la construcci\u00f3n del puente principal y los enlaces proyectados para que participen de la licitaci\u00f3n.<\/p>\n<p>&nbsp;<\/p>\n<p>El enlace Paran\u00e1-Santa Fe se trabaja en un \u00e1rea de Vialidad Nacional donde est\u00e1n incluidos todos los proyectos que lleva adelante esa repartici\u00f3n nacional, y para el a\u00f1o 2018 se prev\u00e9 ya una partida presupuestaria para la realizaci\u00f3n de la licitaci\u00f3n del puente.<\/p>\n<p>&nbsp;<\/p>\n<p>Para la construcci\u00f3n se solicitar\u00e1n cr\u00e9ditos a organismos internacionales de financiaci\u00f3n, cuando se disponga del presupuesto definitivo, es decir al concluir la segunda etapa.<\/p>\n","protected":false},"excerpt":{"rendered":"<p>El ministro de Planeamiento, Luis Benedetto; y la titular de Vialidad provincial, Alicia Feltes, participaron este lunes junto a sus pares santafesinos y a autoridades nacionales y municipales de la presentaci\u00f3n de los estudios y los detalles de la traza del nuevo enlace vial que unir\u00e1 las provincias de Entre R\u00edos y Santa Fe, entre las dos ciudades capitales. El puente se construir\u00e1 a la altura del Camping Municipal de la Toma Vieja, en el lado Paran\u00e1. La licitaci\u00f3n se incluir\u00e1 en el presupuesto 2018 de la Naci\u00f3n &nbsp; &nbsp;&#8230;<\/p>\n","protected":false},"author":3,"featured_media":3261,"comment_status":"closed","ping_status":"closed","sticky":false,"template":"","format":"standard","meta":[],"categories":[9],"tags":[],"_links":{"self":[{"href":"https:\/\/www.actualidadadiario.com\/index.php\/wp-json\/wp\/v2\/posts\/3260"}],"collection":[{"href":"https:\/\/www.actualidadadiario.com\/index.php\/wp-json\/wp\/v2\/posts"}],"about":[{"href":"https:\/\/www.actualidadadiario.com\/index.php\/wp-json\/wp\/v2\/types\/post"}],"author":[{"embeddable":true,"href":"https:\/\/www.actualidadadiario.com\/index.php\/wp-json\/wp\/v2\/users\/3"}],"replies":[{"embeddable":true,"href":"https:\/\/www.actualidadadiario.com\/index.php\/wp-json\/wp\/v2\/comments?post=3260"}],"version-history":[{"count":1,"href":"https:\/\/www.actualidadadiario.com\/index.php\/wp-json\/wp\/v2\/posts\/3260\/revisions"}],"predecessor-version":[{"id":3262,"href":"https:\/\/www.actualidadadiario.com\/index.php\/wp-json\/wp\/v2\/posts\/3260\/revisions\/3262"}],"wp:featuredmedia":[{"embeddable":true,"href":"https:\/\/www.actualidadadiario.com\/index.php\/wp-json\/wp\/v2\/media\/3261"}],"wp:attachment":[{"href":"https:\/\/www.actualidadadiario.com\/index.php\/wp-json\/wp\/v2\/media?parent=3260"}],"wp:term":[{"taxonomy":"category","embeddable":true,"href":"https:\/\/www.actualidadadiario.com\/index.php\/wp-json\/wp\/v2\/categories?post=3260"},{"taxonomy":"post_tag","embeddable":true,"href":"https:\/\/www.actualidadadiario.com\/index.php\/wp-json\/wp\/v2\/tags?post=3260"}],"curies":[{"name":"wp","href":"https:\/\/api.w.org\/{rel}","templated":true}]}}