{"id":3257,"date":"2016-10-25T10:04:05","date_gmt":"2016-10-25T13:04:05","guid":{"rendered":"http:\/\/actualidadadiario.com\/site\/?p=3257"},"modified":"2016-10-25T10:04:05","modified_gmt":"2016-10-25T13:04:05","slug":"la-provincia-proyecta-finalizar-la-planta-de-efluentes-industriales-de-gualeguaychu-antes-de-fin-de-ano","status":"publish","type":"post","link":"https:\/\/www.actualidadadiario.com\/index.php\/2016\/10\/25\/la-provincia-proyecta-finalizar-la-planta-de-efluentes-industriales-de-gualeguaychu-antes-de-fin-de-ano\/","title":{"rendered":"La provincia proyecta finalizar la planta de efluentes industriales de Gualeguaych\u00fa antes de fin de a\u00f1o"},"content":{"rendered":"<p><em><strong>El gobernador Gustavo Bordet instruy\u00f3 a su equipo de gobierno a agilizar las pruebas hidr\u00e1ulicas que permitan poner en marcha la planta de tratamiento de efluentes del parque industrial de Gualeguaych\u00fa. La obra registra un avance del 88 por ciento. Bordet ratific\u00f3 ante el intendente Mart\u00edn Piaggio y la Corporaci\u00f3n para el Desarrollo la intenci\u00f3n \u201ces trabajar el tema entre todos y encontrar las mejores soluciones para tener un parque industrial saneado\u201d. Se comprometi\u00f3 a avanzar sobre \u201clas cuestiones t\u00e9cnicas para culminar la obra por un trayecto alternativo, priorizando el tema ambiental que impacta directamente en la salud de la poblaci\u00f3n<\/strong><\/em><\/p>\n<p>&nbsp;<\/p>\n<p>&nbsp;<\/p>\n<p>&nbsp;<\/p>\n<p>&nbsp;<\/p>\n<p>&nbsp;<\/p>\n<p>&nbsp;<\/p>\n<p>&nbsp;<\/p>\n<p>&nbsp;<\/p>\n<p>Al t\u00e9rmino del encuentro que se realiz\u00f3 este lunes, y del que participaron el ministro de Producci\u00f3n, Carlos Schepens; los secretarios de Ambiente, Bel\u00e9n Esteves; y de Obras P\u00fablicas, Marcelo Richard; y el diputado Juan Jos\u00e9 Bahillo, el intendente Piaggio celebr\u00f3 la reuni\u00f3n porque \u201chemos podido compartir entre todas las partes que empujamos para que esta obra culmine y con el pleno convencimiento de que ser\u00e1 una situaci\u00f3n ideal para nuestra ciudad\u201d.<\/p>\n<p>&nbsp;<\/p>\n<p>Luego destac\u00f3 la apertura del gobernador que \u201csiempre lo caracteriza, teniendo una claridad de concepto que promueve e incentiva la industria entrerriana en t\u00e9rminos generales pero tambi\u00e9n con un gran compromiso con otras cuestiones vinculadas, como es la ambiental, para que sea en beneficio de todos los ciudadanos\u201d.<\/p>\n<p>&nbsp;<\/p>\n<p>Para completar la obra, la empresa constructora tiene que realizar una prueba hidr\u00e1ulica de funcionamiento para lo cual hubo que reformular el proyecto original definiendo una nueva traza ya que en la propuesta inicialmente hab\u00eda un inconveniente en la servidumbre de paso. Desde el gobierno provincial se est\u00e1 dialogando con el due\u00f1o del campo por donde pasar\u00eda la nueva traza y en principio estar\u00eda dispuesto a permitir la ejecuci\u00f3n de la obra por su propiedad.<\/p>\n<p>&nbsp;<\/p>\n<p>\u201cNos vamos muy motivados por poder poner sobre la mesa un tema muy importante que compartimos con el gobernador y los diferentes ministros, que es el deseo y la preocupaci\u00f3n de poder darle avance al tramo final de una obra magn\u00edfica que est\u00e1 desarrollando el gobierno provincial en nuestros parque industrial que es la construcci\u00f3n de una nueva planta de tratamiento de los efluentes y cambio de volcado de los mismos\u201d, expres\u00f3 el presidente municipal.<\/p>\n<p>&nbsp;<\/p>\n<p>Sostuvo que hubo \u201cun avance importante de la obra, mucha perspectiva de nuestro gobernador para concluirla y la necesidad de nuestro parque industrial de estar abierto a la radicaci\u00f3n de nuevas industrias y la generaci\u00f3n de nuevos puestos de trabajo. Hay un gran deseo, tanto de la administraci\u00f3n del parque como de la Corporaci\u00f3n del Desarrollo que eso as\u00ed ocurra. Una de las limitantes era la capacidad de hacer un buen tratamiento de los efluentes, tener capacidad operativa por lo que esta obra es sustancial\u201d.<\/p>\n<p>&nbsp;<\/p>\n<p>Por su parte, el presidente de la Corporaci\u00f3n del Desarrollo de Gualeguaych\u00fa, Ariel Dest\u00e9fano, consider\u00f3 que el encuentro con Bordet fue \u201cexitoso porque el compromiso del gobernador ha sido muy claro, con la intenci\u00f3n de finalizar la obra cuanto antes\u201d.<\/p>\n<p>&nbsp;<\/p>\n<p>Puso de relieve que se hayan podido \u201cconjugar todas las \u00e1reas de gobierno vinculadas, como son Producci\u00f3n, Ambiente y Obras P\u00fablicas, y la comunidad de Gualeguaych\u00fa, y todos con la misma vocaci\u00f3n de poder seguir creciendo como parque, seguir produciendo y dando trabajo pero sin perder de vista el cuidado del medio ambiente que es una preocupaci\u00f3n nuestra tal como lo establecen los estatutos de nuestra instituci\u00f3n\u201d.<\/p>\n","protected":false},"excerpt":{"rendered":"<p>El gobernador Gustavo Bordet instruy\u00f3 a su equipo de gobierno a agilizar las pruebas hidr\u00e1ulicas que permitan poner en marcha la planta de tratamiento de efluentes del parque industrial de Gualeguaych\u00fa. La obra registra un avance del 88 por ciento. Bordet ratific\u00f3 ante el intendente Mart\u00edn Piaggio y la Corporaci\u00f3n para el Desarrollo la intenci\u00f3n \u201ces trabajar el tema entre todos y encontrar las mejores soluciones para tener un parque industrial saneado\u201d. Se comprometi\u00f3 a avanzar sobre \u201clas cuestiones t\u00e9cnicas para culminar la obra por un trayecto alternativo, priorizando el&#8230;<\/p>\n","protected":false},"author":3,"featured_media":3258,"comment_status":"closed","ping_status":"closed","sticky":false,"template":"","format":"standard","meta":[],"categories":[15],"tags":[],"_links":{"self":[{"href":"https:\/\/www.actualidadadiario.com\/index.php\/wp-json\/wp\/v2\/posts\/3257"}],"collection":[{"href":"https:\/\/www.actualidadadiario.com\/index.php\/wp-json\/wp\/v2\/posts"}],"about":[{"href":"https:\/\/www.actualidadadiario.com\/index.php\/wp-json\/wp\/v2\/types\/post"}],"author":[{"embeddable":true,"href":"https:\/\/www.actualidadadiario.com\/index.php\/wp-json\/wp\/v2\/users\/3"}],"replies":[{"embeddable":true,"href":"https:\/\/www.actualidadadiario.com\/index.php\/wp-json\/wp\/v2\/comments?post=3257"}],"version-history":[{"count":1,"href":"https:\/\/www.actualidadadiario.com\/index.php\/wp-json\/wp\/v2\/posts\/3257\/revisions"}],"predecessor-version":[{"id":3259,"href":"https:\/\/www.actualidadadiario.com\/index.php\/wp-json\/wp\/v2\/posts\/3257\/revisions\/3259"}],"wp:featuredmedia":[{"embeddable":true,"href":"https:\/\/www.actualidadadiario.com\/index.php\/wp-json\/wp\/v2\/media\/3258"}],"wp:attachment":[{"href":"https:\/\/www.actualidadadiario.com\/index.php\/wp-json\/wp\/v2\/media?parent=3257"}],"wp:term":[{"taxonomy":"category","embeddable":true,"href":"https:\/\/www.actualidadadiario.com\/index.php\/wp-json\/wp\/v2\/categories?post=3257"},{"taxonomy":"post_tag","embeddable":true,"href":"https:\/\/www.actualidadadiario.com\/index.php\/wp-json\/wp\/v2\/tags?post=3257"}],"curies":[{"name":"wp","href":"https:\/\/api.w.org\/{rel}","templated":true}]}}