{"id":3254,"date":"2016-10-25T10:03:11","date_gmt":"2016-10-25T13:03:11","guid":{"rendered":"http:\/\/actualidadadiario.com\/site\/?p=3254"},"modified":"2016-10-25T10:03:11","modified_gmt":"2016-10-25T13:03:11","slug":"analizaron-la-ejecucion-de-obras-y-viviendas-para-federal","status":"publish","type":"post","link":"https:\/\/www.actualidadadiario.com\/index.php\/2016\/10\/25\/analizaron-la-ejecucion-de-obras-y-viviendas-para-federal\/","title":{"rendered":"Analizaron la ejecuci\u00f3n de obras y viviendas para Federal"},"content":{"rendered":"<p><em><strong>Asfalto, cloacas y viviendas fueron los temas sobre los cuales avanzaron en un encuentro que mantuvo este lunes el gobernador Gustavo Bordet con el intendente de Federal, Gerardo Chapino. \u201cSiempre es grato tener este di\u00e1logo fluido con el gobernador\u201d, destac\u00f3 el jefe comunal<\/strong><\/em><\/p>\n<p>&nbsp;<\/p>\n<p>&nbsp;<\/p>\n<p>&nbsp;<\/p>\n<p>&nbsp;<\/p>\n<p>&nbsp;<\/p>\n<p>&nbsp;<\/p>\n<p>Tras el encuentro realizado en la Casa Gris, Chapino explic\u00f3 que \u201cestamos preocupados por la situaci\u00f3n que nos afecta a nivel pa\u00eds y provincia y sobre todo en la ciudad de Federal, a la cual estamos dando respuestas como municipio y venimos a buscar un poco de ayuda a nivel provincia\u201d.<\/p>\n<p>&nbsp;<\/p>\n<p>En ese sentido, el jefe comunal explic\u00f3 que el gobernador se comprometi\u00f3 a gestionar \u201cla ayuda para una obra de cloacas en la ciudad de Federal, que en noviembre o diciembre estar\u00eda ya licit\u00e1ndose esa obra por un monto de 46 millones de pesos\u201d. Dijo que \u201ces una necesidad b\u00e1sica que sufre el pueblo federalense\u201d.<\/p>\n<p>&nbsp;<\/p>\n<p>\u201cTambi\u00e9n venimos avanzando en la obra del trazado vial, con lo cual nos puso en comunicaci\u00f3n con el ministro Benedetto, para ir trabajando a futuro el mejoramiento de dicha traza, que sufre un deterioro muy grande, el suelo federalense es muy complicado y carecemos de bastante asfalto en la ciudad\u201d.<\/p>\n<p>&nbsp;<\/p>\n<p>Otro de los temas abordados la existencia de \u201c220 kil\u00f3metros de caminos de tierra en la Colonia Federal. As\u00ed que el mandatario se comunic\u00f3 con la titular de Vialidad, y se va a hacer un trabajo en conjunto con Vialidad para ver si ellos con sus herramientas y disponibilidad de trabajo pueden hacerse cargo de trabajo en los caminos de tierra de la Colonia Federal\u201d.<\/p>\n<p>&nbsp;<\/p>\n<p>Con respecto a \u201clo que es viviendas a nivel provincial, tambi\u00e9n hemos tenido respuestas con 38 viviendas de Instituto Aut\u00e1rquico de Planeamiento y Vivienda (IAPV)\u201d.<\/p>\n<p>&nbsp;<\/p>\n<p>Sobre estas viviendas, explic\u00f3: \u201cNosotros hemos cedido el terreno a IAPV para poder construirlas. Tenemos toda la documentaci\u00f3n lista para presentar a Francolini y para el a\u00f1o que viene se estar\u00eda haciendo la licitaci\u00f3n, previo sorteo de las personas que est\u00e9n interesadas y que re\u00fanan los requisitos b\u00e1sicos para poder inscribirse. Luego de esto, se har\u00eda la licitaci\u00f3n y construcci\u00f3n para fines del a\u00f1o que viene\u201d.<\/p>\n<p>&nbsp;<\/p>\n<p>Por otra parte, \u201cvenimos trabajando con Naci\u00f3n con 100 viviendas de la parte de H\u00e1bitat de Naci\u00f3n por las inclemencias clim\u00e1ticas que tuvimos en abril\u201d.<\/p>\n<p>&nbsp;<\/p>\n<p>Es importante que \u201cgobernador se preocupe por nuestros problemas porque permite que se agilicen un poco los tr\u00e1mites\u201d, acot\u00f3.<\/p>\n<p>&nbsp;<\/p>\n<p>\u201cSabemos del esfuerzo que el gobernador est\u00e1 haciendo para que los entrerrianos podamos estar un poco mejor. Somos conscientes de la situaci\u00f3n que estamos atravesando a nivel pa\u00eds y eso es lo que desde nuestro pueblo comprendemos\u201d, asegur\u00f3 y luego agreg\u00f3: \u201cEl gobernador se sigue esforzando para que podamos estar mejor y poder dar respuestas a nuestro pueblo de Federal\u201d.<\/p>\n<p>&nbsp;<\/p>\n<p>Finalmente, dijo que \u201cel pueblo federalense est\u00e1 muy contento, la gente lo espera\u201d. Al respecto, record\u00f3 las visitas del mandatario a la localidad: \u201cEl pueblo est\u00e1 muy contento y lo expresa. El gobernador hizo la jura de la bandera de los cadetes en la ciudad\u201d, record\u00f3 Chapino y destac\u00f3 que \u201chac\u00eda 20 a\u00f1os que un gobernador no asist\u00eda a un acto patrio a la ciudad de Federal. Por eso estamos m\u00e1s que contentos\u201d.<\/p>\n","protected":false},"excerpt":{"rendered":"<p>Asfalto, cloacas y viviendas fueron los temas sobre los cuales avanzaron en un encuentro que mantuvo este lunes el gobernador Gustavo Bordet con el intendente de Federal, Gerardo Chapino. \u201cSiempre es grato tener este di\u00e1logo fluido con el gobernador\u201d, destac\u00f3 el jefe comunal &nbsp; &nbsp; &nbsp; &nbsp; &nbsp; &nbsp; Tras el encuentro realizado en la Casa Gris, Chapino explic\u00f3 que \u201cestamos preocupados por la situaci\u00f3n que nos afecta a nivel pa\u00eds y provincia y sobre todo en la ciudad de Federal, a la cual estamos dando respuestas como municipio y&#8230;<\/p>\n","protected":false},"author":3,"featured_media":3255,"comment_status":"closed","ping_status":"closed","sticky":false,"template":"","format":"standard","meta":[],"categories":[15],"tags":[],"_links":{"self":[{"href":"https:\/\/www.actualidadadiario.com\/index.php\/wp-json\/wp\/v2\/posts\/3254"}],"collection":[{"href":"https:\/\/www.actualidadadiario.com\/index.php\/wp-json\/wp\/v2\/posts"}],"about":[{"href":"https:\/\/www.actualidadadiario.com\/index.php\/wp-json\/wp\/v2\/types\/post"}],"author":[{"embeddable":true,"href":"https:\/\/www.actualidadadiario.com\/index.php\/wp-json\/wp\/v2\/users\/3"}],"replies":[{"embeddable":true,"href":"https:\/\/www.actualidadadiario.com\/index.php\/wp-json\/wp\/v2\/comments?post=3254"}],"version-history":[{"count":1,"href":"https:\/\/www.actualidadadiario.com\/index.php\/wp-json\/wp\/v2\/posts\/3254\/revisions"}],"predecessor-version":[{"id":3256,"href":"https:\/\/www.actualidadadiario.com\/index.php\/wp-json\/wp\/v2\/posts\/3254\/revisions\/3256"}],"wp:featuredmedia":[{"embeddable":true,"href":"https:\/\/www.actualidadadiario.com\/index.php\/wp-json\/wp\/v2\/media\/3255"}],"wp:attachment":[{"href":"https:\/\/www.actualidadadiario.com\/index.php\/wp-json\/wp\/v2\/media?parent=3254"}],"wp:term":[{"taxonomy":"category","embeddable":true,"href":"https:\/\/www.actualidadadiario.com\/index.php\/wp-json\/wp\/v2\/categories?post=3254"},{"taxonomy":"post_tag","embeddable":true,"href":"https:\/\/www.actualidadadiario.com\/index.php\/wp-json\/wp\/v2\/tags?post=3254"}],"curies":[{"name":"wp","href":"https:\/\/api.w.org\/{rel}","templated":true}]}}