{"id":3248,"date":"2016-10-25T10:00:20","date_gmt":"2016-10-25T13:00:20","guid":{"rendered":"http:\/\/actualidadadiario.com\/site\/?p=3248"},"modified":"2016-10-25T10:00:20","modified_gmt":"2016-10-25T13:00:20","slug":"argentina-hoy-no-tiene-suficiente-energia","status":"publish","type":"post","link":"https:\/\/www.actualidadadiario.com\/index.php\/2016\/10\/25\/argentina-hoy-no-tiene-suficiente-energia\/","title":{"rendered":"&#8220;Argentina hoy no tiene suficiente energ\u00eda&#8221;"},"content":{"rendered":"<p><em><strong>El presidente Mauricio Macri anunci\u00f3 que el Gobierno nacional &#8220;comenz\u00f3 a invertir con el prop\u00f3sito de lograr un suministro de energ\u00eda el\u00e9ctrica para poder crecer y acompa\u00f1ar los proyectos que est\u00e1n viniendo a radicarse en nuestro pa\u00eds&#8221;<\/strong><\/em><\/p>\n<p>&nbsp;<\/p>\n<p>&nbsp;<\/p>\n<p>&nbsp;<\/p>\n<p>&nbsp;<\/p>\n<p>&nbsp;<\/p>\n<p>&nbsp;<\/p>\n<p>&nbsp;<\/p>\n<p>&nbsp;<\/p>\n<p>Lo expres\u00f3 tras inaugurar el ramal La Matanza-Gonz\u00e1lez Cat\u00e1n de las obras que se est\u00e1n ejecutando para el Metrob\u00fas que unir\u00e1 ese distrito con el Obelisco, y adem\u00e1s pasar\u00e1 por las estaciones de Once y Constituci\u00f3n.<\/p>\n<p>&nbsp;<\/p>\n<p>El jefe de Estado lo dijo tras ser consultado sobre las nuevas tarifas de electricidad que se analizar\u00e1n durante una audiencias p\u00fablicas el pr\u00f3ximo viernes en el marco del proceso de revisi\u00f3n tarifaria integral para el \u00e1mbito de Capital Federal y Gran Buenos Aires, donde est\u00e1n las distribuidoras Edenor y Edesur.<\/p>\n<p>&nbsp;<\/p>\n<p>El primer mandatario confi\u00f3 que durante la audiencia &#8220;se va explicar lo que se est\u00e1 haciendo y c\u00f3mo vamos a invertir para volver a tener suministro seguro y que no nos afecte el calor o el fr\u00edo y quedarnos sin luz y sin gas, y las empresas que vengan a radicarse tengan suministro de energ\u00eda para desarrollarse y crecer, ya que hoy la Argentina no tiene suficiente energ\u00eda para poder crecer y acompa\u00f1ar los proyectos que est\u00e1n viniendo a radicarse en nuestro pa\u00eds&#8221;.<\/p>\n<p>&nbsp;<\/p>\n<p>Subray\u00f3 que &#8220;hemos comenzado con energ\u00eda tradicional, con renovable y a desarrollar todo el sistema y adem\u00e1s tenemos que hacerlo a nivel de distribuci\u00f3n y de transporte para que todos tengamos la certeza que la luz no se va a cortar y es muy feo cuando pasan d\u00edas sin saber y con enorme incertidumbre cuando va a volver la luz&#8221;.<\/p>\n<p>&nbsp;<\/p>\n<p>Por otro lado, volvi\u00f3 a referirse al pago del bono de fin de a\u00f1o y pidi\u00f3 &#8220;solidaridad al sector empresario y que pongan el hombro en un momento dif\u00edcil&#8221;, mientras que al sindicalismo le reclam\u00f3 &#8220;sensatez y prudencia&#8221; y remat\u00f3: &#8220;Nosotros ya hemos fijado nuestra posici\u00f3n, esperamos que sector por sector se negocie y se acuerde&#8221;.<\/p>\n<p>&nbsp;<\/p>\n<p>A\u00f1adi\u00f3 que le pidi\u00f3 &#8220;a los empresarios que pongan el hombro, que sean solidarios en un momento dif\u00edcil y al sindicalismo que pongamos sensatez y prudencia, porque estamos tratando en echar las bases para desarrollar una Argentina que va a volver a crecer el a\u00f1o que viene&#8221;.<\/p>\n<p>&nbsp;<\/p>\n<p>&#8220;Pero lo importante -finaliz\u00f3 Macri- es que crezca durante muchos a\u00f1os, porque esa es la \u00fanica manera, creciendo y generando trabajo, que vamos a reducir la pobreza sistem\u00e1ticamente&#8221;.<\/p>\n<p>&nbsp;<\/p>\n<p>En la recorrida en La Matanza el presidente estuvo acompa\u00f1ado por la Gobernadora de la Provincia, Mar\u00eda Eugenia Vidal, el Ministro de Transporte, Guillermo Dietrich y la Intendente local Ver\u00f3nica Magario.<\/p>\n<p>&nbsp;<\/p>\n<p>&#8220;Hace 5 a\u00f1os empezamos con la transformaci\u00f3n del transporte p\u00fablico cuando hicimos el primer corredor de Metrobus de Buenos Aires. Hoy, gracias al trabajo en equipo entre Naci\u00f3n, Provincia y la intendencia, empezamos a hacer realidad este proyecto; el segundo en el \u00e1rea metropolitana que va a transformar la calidad de vida de los matanceros&#8221;, asegur\u00f3 Dietrich.<\/p>\n<p>&nbsp;<\/p>\n<p>El nuevo corredor, que va a contar con una extensi\u00f3n de 16 km desde el km 32 de la Ruta 3 hasta la Estaci\u00f3n Ramos Mej\u00eda (Avenida de Mayo y Rivadavia), mejorar\u00e1 la calidad de viaje de 240.000 personas. Se prev\u00e9 que la obra est\u00e9 lista el primer trimestre de 2017.<\/p>\n","protected":false},"excerpt":{"rendered":"<p>El presidente Mauricio Macri anunci\u00f3 que el Gobierno nacional &#8220;comenz\u00f3 a invertir con el prop\u00f3sito de lograr un suministro de energ\u00eda el\u00e9ctrica para poder crecer y acompa\u00f1ar los proyectos que est\u00e1n viniendo a radicarse en nuestro pa\u00eds&#8221; &nbsp; &nbsp; &nbsp; &nbsp; &nbsp; &nbsp; &nbsp; &nbsp; Lo expres\u00f3 tras inaugurar el ramal La Matanza-Gonz\u00e1lez Cat\u00e1n de las obras que se est\u00e1n ejecutando para el Metrob\u00fas que unir\u00e1 ese distrito con el Obelisco, y adem\u00e1s pasar\u00e1 por las estaciones de Once y Constituci\u00f3n. &nbsp; El jefe de Estado lo dijo tras ser&#8230;<\/p>\n","protected":false},"author":3,"featured_media":3249,"comment_status":"closed","ping_status":"closed","sticky":false,"template":"","format":"standard","meta":[],"categories":[2],"tags":[],"_links":{"self":[{"href":"https:\/\/www.actualidadadiario.com\/index.php\/wp-json\/wp\/v2\/posts\/3248"}],"collection":[{"href":"https:\/\/www.actualidadadiario.com\/index.php\/wp-json\/wp\/v2\/posts"}],"about":[{"href":"https:\/\/www.actualidadadiario.com\/index.php\/wp-json\/wp\/v2\/types\/post"}],"author":[{"embeddable":true,"href":"https:\/\/www.actualidadadiario.com\/index.php\/wp-json\/wp\/v2\/users\/3"}],"replies":[{"embeddable":true,"href":"https:\/\/www.actualidadadiario.com\/index.php\/wp-json\/wp\/v2\/comments?post=3248"}],"version-history":[{"count":1,"href":"https:\/\/www.actualidadadiario.com\/index.php\/wp-json\/wp\/v2\/posts\/3248\/revisions"}],"predecessor-version":[{"id":3250,"href":"https:\/\/www.actualidadadiario.com\/index.php\/wp-json\/wp\/v2\/posts\/3248\/revisions\/3250"}],"wp:featuredmedia":[{"embeddable":true,"href":"https:\/\/www.actualidadadiario.com\/index.php\/wp-json\/wp\/v2\/media\/3249"}],"wp:attachment":[{"href":"https:\/\/www.actualidadadiario.com\/index.php\/wp-json\/wp\/v2\/media?parent=3248"}],"wp:term":[{"taxonomy":"category","embeddable":true,"href":"https:\/\/www.actualidadadiario.com\/index.php\/wp-json\/wp\/v2\/categories?post=3248"},{"taxonomy":"post_tag","embeddable":true,"href":"https:\/\/www.actualidadadiario.com\/index.php\/wp-json\/wp\/v2\/tags?post=3248"}],"curies":[{"name":"wp","href":"https:\/\/api.w.org\/{rel}","templated":true}]}}