{"id":3245,"date":"2016-10-25T09:59:23","date_gmt":"2016-10-25T12:59:23","guid":{"rendered":"http:\/\/actualidadadiario.com\/site\/?p=3245"},"modified":"2016-10-25T09:59:23","modified_gmt":"2016-10-25T12:59:23","slug":"murio-a-los-88-anos-jorge-batlle-ex-presidente-de-uruguay","status":"publish","type":"post","link":"https:\/\/www.actualidadadiario.com\/index.php\/2016\/10\/25\/murio-a-los-88-anos-jorge-batlle-ex-presidente-de-uruguay\/","title":{"rendered":"Muri\u00f3 a los 88 a\u00f1os Jorge Batlle, ex presidente de Uruguay"},"content":{"rendered":"<p><em><strong>El ex presidente de Uruguay Jorge Batlle, quien muri\u00f3 este lunes en Montevideo un d\u00eda antes de cumplir 89 a\u00f1os, era uno de los \u00faltimos representantes de una familia y una generaci\u00f3n de pol\u00edticos tradicionales<\/strong><\/em><\/p>\n<p>&nbsp;<\/p>\n<p>&nbsp;<\/p>\n<p>&nbsp;<\/p>\n<p>&nbsp;<\/p>\n<p>&nbsp;<\/p>\n<p>&nbsp;<\/p>\n<p>Batlle se encontraba en el Sanatorio Americano de Montevideo tras ser trasladado desde el Hospital de Tacuaremb\u00f3, 400 kil\u00f3metros al norte de la capital, donde fue intervenido para descomprimir su cerebro de un hematoma producido por un fuerte golpe en la cabeza debido a una ca\u00edda sufrida el 14 de este mes, que le provoc\u00f3 un da\u00f1o cerebral irreparable y el cual finalmente termin\u00f3 con su vida.<\/p>\n<p>&nbsp;<\/p>\n<p>Hab\u00eda nacido el 25 de octubre de 1927 y desde muy joven se hab\u00eda dedicado a la pol\u00edtica, influenciado por sus familiares directos, empezando por su padre Luis Batlle Berres, quien fue presidente entre 1947 y 1951.<\/p>\n<p>&nbsp;<\/p>\n<p>Era sobrino nieto de Jos\u00e9 Batlle y Ordo\u00f1ez, dos veces presidente entre 1903 y 1907 y posteriormente entre 1911 y 1915 y a quien algunos historiadores locales consideran el fundador del Uruguay moderno que ingresaba al siglo XX.<\/p>\n<p>&nbsp;<\/p>\n<p>Jorge Batlle Ib\u00e1\u00f1ez se incorpor\u00f3 a las filas del conservador Partido Colorado siendo un adolescente y a los 30 a\u00f1os fue elegido diputado. Desde ah\u00ed no par\u00f3: fue senador y varias veces candidato a presidente.<\/p>\n<p>&nbsp;<\/p>\n<p>La dictadura que gobern\u00f3 Uruguay entre 1973 y 1985 proscribi\u00f3 al dirigente colorado, como a miles de sus compatriotas, y m\u00e1s de una vez estuvo detenido, pero nunca fue sometido a los tormentos que padecieron otros presos pol\u00edticos, particularmente de la izquierda.<\/p>\n<p>&nbsp;<\/p>\n<p>Despu\u00e9s de d\u00e9cadas de ejercicio de la pol\u00edtica, luchando dentro y fuera de su partido, Jorge Batlle accedi\u00f3 a la presidencia en el 2000, tras ganar una segunda vuelta frente al actual presidente Tabar\u00e9 V\u00e1zquez, de la coalici\u00f3n de izquierdas Frente Amplio (FA).<\/p>\n<p>&nbsp;<\/p>\n<p>Su car\u00e1cter jovial y su discurso frontal le engendr\u00f3 tantos seguidores como cr\u00edticos, aunque muchos uruguayos coincid\u00edan en reconocer su honestidad para &#8220;cantar la justa&#8221;, como le gustaba decir en la \u00faltima campa\u00f1a electoral de 1999.<\/p>\n<p>&nbsp;<\/p>\n<p>Una primera muestra de c\u00f3mo ser\u00eda el sello de su per\u00edodo lo dio apenas termin\u00f3 la ceremonia de investidura, el 1 de marzo de 2000, ya que se fue a su casa en el taxi de un amigo, rompiendo todo el protocolo que se organiza para instancias de este tipo.<\/p>\n<p>&nbsp;<\/p>\n<p>Batlle prometi\u00f3 a sus compatriotas que iba a hacer un gobierno divertido, pero tuvo que enfrentar la profunda crisis financiera internacional del a\u00f1o 2002, que hizo tambalear su administraci\u00f3n.<\/p>\n<p>&nbsp;<\/p>\n<p>Sin embargo, con el apoyo de la oposici\u00f3n y del entonces presidente de Estados Unidos, George W. Bush, a quien pidi\u00f3 respaldo financiero, pudo salir adelante y completar el per\u00edodo.<\/p>\n<p>&nbsp;<\/p>\n<p>Pero la crisis dej\u00f3 secuelas y el Partido Colorado, que pr\u00e1cticamente hab\u00eda hegemonizado el gobierno uruguayo desde 1830, sufri\u00f3 una dura derrota ante el Frente Amplio, que desde entonces se mantiene en el poder.<\/p>\n<p>&nbsp;<\/p>\n<p>Muchos atribuyen a Batlle el descalabro de esa organizaci\u00f3n pol\u00edtica, que no pudo recomponerse hasta ahora y que actualmente no supera el 9 por ciento de intenci\u00f3n de voto de sus compatriotas.<\/p>\n<p>&nbsp;<\/p>\n<p>Fiel a su estilo de comunicarse, Batlle hab\u00eda anticipado hac\u00eda algunas semanas que ya estaba en una de las \u00faltimas estaciones de su vida, aunque segu\u00eda militando para su partido, como el primer d\u00eda.<\/p>\n<p>&nbsp;<\/p>\n<p>El gobierno uruguayo decret\u00f3 duelo oficial. Las banderas lucir\u00e1n a media asta y los restos del ex presidente recibir\u00e1n honores de Estado<\/p>\n","protected":false},"excerpt":{"rendered":"<p>El ex presidente de Uruguay Jorge Batlle, quien muri\u00f3 este lunes en Montevideo un d\u00eda antes de cumplir 89 a\u00f1os, era uno de los \u00faltimos representantes de una familia y una generaci\u00f3n de pol\u00edticos tradicionales &nbsp; &nbsp; &nbsp; &nbsp; &nbsp; &nbsp; Batlle se encontraba en el Sanatorio Americano de Montevideo tras ser trasladado desde el Hospital de Tacuaremb\u00f3, 400 kil\u00f3metros al norte de la capital, donde fue intervenido para descomprimir su cerebro de un hematoma producido por un fuerte golpe en la cabeza debido a una ca\u00edda sufrida el 14&#8230;<\/p>\n","protected":false},"author":3,"featured_media":3246,"comment_status":"closed","ping_status":"closed","sticky":false,"template":"","format":"standard","meta":[],"categories":[4],"tags":[],"_links":{"self":[{"href":"https:\/\/www.actualidadadiario.com\/index.php\/wp-json\/wp\/v2\/posts\/3245"}],"collection":[{"href":"https:\/\/www.actualidadadiario.com\/index.php\/wp-json\/wp\/v2\/posts"}],"about":[{"href":"https:\/\/www.actualidadadiario.com\/index.php\/wp-json\/wp\/v2\/types\/post"}],"author":[{"embeddable":true,"href":"https:\/\/www.actualidadadiario.com\/index.php\/wp-json\/wp\/v2\/users\/3"}],"replies":[{"embeddable":true,"href":"https:\/\/www.actualidadadiario.com\/index.php\/wp-json\/wp\/v2\/comments?post=3245"}],"version-history":[{"count":1,"href":"https:\/\/www.actualidadadiario.com\/index.php\/wp-json\/wp\/v2\/posts\/3245\/revisions"}],"predecessor-version":[{"id":3247,"href":"https:\/\/www.actualidadadiario.com\/index.php\/wp-json\/wp\/v2\/posts\/3245\/revisions\/3247"}],"wp:featuredmedia":[{"embeddable":true,"href":"https:\/\/www.actualidadadiario.com\/index.php\/wp-json\/wp\/v2\/media\/3246"}],"wp:attachment":[{"href":"https:\/\/www.actualidadadiario.com\/index.php\/wp-json\/wp\/v2\/media?parent=3245"}],"wp:term":[{"taxonomy":"category","embeddable":true,"href":"https:\/\/www.actualidadadiario.com\/index.php\/wp-json\/wp\/v2\/categories?post=3245"},{"taxonomy":"post_tag","embeddable":true,"href":"https:\/\/www.actualidadadiario.com\/index.php\/wp-json\/wp\/v2\/tags?post=3245"}],"curies":[{"name":"wp","href":"https:\/\/api.w.org\/{rel}","templated":true}]}}