{"id":3242,"date":"2016-10-25T09:58:36","date_gmt":"2016-10-25T12:58:36","guid":{"rendered":"http:\/\/actualidadadiario.com\/site\/?p=3242"},"modified":"2016-10-25T09:58:36","modified_gmt":"2016-10-25T12:58:36","slug":"tras-la-reunion-entre-francisco-y-maduro-habra-mediacion-papal-en-venezuela","status":"publish","type":"post","link":"https:\/\/www.actualidadadiario.com\/index.php\/2016\/10\/25\/tras-la-reunion-entre-francisco-y-maduro-habra-mediacion-papal-en-venezuela\/","title":{"rendered":"Tras la reuni\u00f3n entre Francisco y Maduro, habr\u00e1 mediaci\u00f3n papal en Venezuela"},"content":{"rendered":"<p><strong><em>Luego del encuentro, que no estaba en agenda, entre el papa Francisco y el presidente de Venezuela, Nicol\u00e1s Maduro, se inici\u00f3 un proceso de dialogo en el pa\u00eds caribe\u00f1o mediado por un enviado del Vaticano. Seg\u00fan se inform\u00f3 oficialmente, en la reuni\u00f3n en Santa Marta, ambos hablaron &#8220;de la preocupante situaci\u00f3n de crisis pol\u00edtica, social y econ\u00f3mica que el pa\u00eds est\u00e1 atravesando&#8221;<\/em><\/strong><\/p>\n<p>&nbsp;<\/p>\n<p>&nbsp;<\/p>\n<p>&nbsp;<\/p>\n<p>&nbsp;<\/p>\n<p>&nbsp;<\/p>\n<p>&nbsp;<\/p>\n<p>La reuni\u00f3n se produjo momentos antes de que el enviado del papa a Venezuela para promover el di\u00e1logo, monse\u00f1or Emil Paul Tscherrig, anunciara el inicio del di\u00e1logo entre el Gobierno de Maduro y la alianza opositora Mesa de la Unidad Democr\u00e1tica (MUD) el pr\u00f3ximo 30 de octubre en Isla de Margarita.<\/p>\n<p>&nbsp;<\/p>\n<p>&#8220;El papa (&#8230;) ha deseado continuar ofreciendo su contribuci\u00f3n a favor de la institucionalidad del pa\u00eds y ayudar a resolver las cuestiones pendientes y a crear mayor confianza entre las partes&#8221;, explic\u00f3 la Santa Sede sobre este encuentro en un comunicado remitido a los medios.<\/p>\n<p>&nbsp;<\/p>\n<p>Asimismo a\u00f1ade que Francisco &#8220;ha invitado a emprender con valent\u00eda el camino del di\u00e1logo sincero y constructivo, para aliviar el sufrimiento de la gente, en primer lugar de los pobres, y promover un clima de renovada cohesi\u00f3n social, que permita mirar con esperanza al futuro de la naci\u00f3n&#8221;.<\/p>\n<p>&nbsp;<\/p>\n<p>El anuncio de esas conversaciones se produce despu\u00e9s de que el poder electoral del pa\u00eds caribe\u00f1o haya decidido posponer el proceso auspiciado por la opositora MUD para convocar un referendo revocatorio contra el mandato de Maduro.<\/p>\n<p>&nbsp;<\/p>\n<p>El domingo, varios representantes del antichavismo se reunieron en Venezuela con un enviado del papa para tratar la instauraci\u00f3n de un eventual di\u00e1logo pol\u00edtico en el pa\u00eds caribe\u00f1o, confirm\u00f3 este lunes el presidente de la Asamblea Nacional de Venezuela (AN, Parlamento), el opositor Henry Ramos Allup.<\/p>\n<p>&nbsp;<\/p>\n<p>En dicha reuni\u00f3n tambi\u00e9n estuvo presente el nuncio de la Iglesia Cat\u00f3lica en Venezuela, Aldo Giordano, que ya en abril reconoci\u00f3 que el Vaticano, que desempe\u00f1\u00f3 un papel fundamental en el deshielo de las relaciones entre los Gobiernos de Estados Unidos y Cuba, quer\u00eda contribuir a alcanzar la paz en Venezuela.<\/p>\n<p>&nbsp;<\/p>\n<p>&nbsp;<\/p>\n<p>&nbsp;<\/p>\n<p>&nbsp;<\/p>\n<p><strong>Di\u00e1logo<\/strong><\/p>\n<p>Este lunes, el enviado especial del Vaticano, Emil Paul Tscherrig ley\u00f3 un comunicado conjunto en el que anuncia el inicio del proceso de di\u00e1logo nacional entre el Gobierno y Mesa de la Unidad Democr\u00e1tica (MUD) a partir del viernes 30 de octubre en la isla de Margarita.<\/p>\n<p>&nbsp;<\/p>\n<p>Paul Tscherrig, nuncio apost\u00f3lico en Argentina, ley\u00f3 un comunicado conjunto en el que inform\u00f3 que presentaron la propuesta de los acompa\u00f1antes con las premisas, temas, metodolog\u00edas, y cronograma del di\u00e1logo, basado en las reuniones exploratorias. Con el auspicio de la Secretar\u00eda de la Uni\u00f3n de Naciones del Sur (Unasur) y en calidad de acompa\u00f1antes los expresidentes: Mart\u00edn Torrijos, Jos\u00e9 Luis Rodr\u00edguez Zapatero, Leonel Fern\u00e1ndez y el enviado del Vaticano, seg\u00fan informan medios venezolanos.<\/p>\n<p>&nbsp;<\/p>\n<p>Paul Tscherrig tambi\u00e9n indic\u00f3 que acordaron trabajar en conjunto las condiciones para garantizar la seguridad y el desarrollo pac\u00edfico y democr\u00e1tico de las manifestaciones p\u00fablicas previstas para los pr\u00f3ximos d\u00edas.<\/p>\n<p>&nbsp;<\/p>\n<p>&nbsp;<\/p>\n<p>&nbsp;<\/p>\n<p>&nbsp;<\/p>\n<p>&nbsp;<\/p>\n<p><strong>Los otros intentos <\/strong><\/p>\n<p>La reuni\u00f3n entre Maduro y el papa ha tenido lugar despu\u00e9s de que el pasado a\u00f1o Maduro decidiera anular la visita que ten\u00eda programada al Vaticano &#8220;por recomendaci\u00f3n m\u00e9dica&#8221;.<\/p>\n<p>&nbsp;<\/p>\n<p>&#8220;Los m\u00e9dicos me han obligado a quedarme en descanso y es lo que estoy haciendo ahora. De hecho he tenido que, por recomendaci\u00f3n m\u00e9dica, suspender el viaje a Roma&#8221;, dijo entonces Maduro durante una videoconferencia transmitida por la televisi\u00f3n estatal VTV.<\/p>\n<p>&nbsp;<\/p>\n<p>El mandatario cancelaba as\u00ed su visita el mismo d\u00eda en que la oposici\u00f3n venezolana comenzaba una vigilia en varias ciudades del pa\u00eds para pedir al papa Francisco que durante las conversaciones con Maduro intercediera por la crisis venezolana.<\/p>\n<p>&nbsp;<\/p>\n<p>Venezuela preocupa al Vaticano y tambi\u00e9n al papa Francisco, quien en diversas ocasiones se ha referido a la situaci\u00f3n del pa\u00eds y ha instado al di\u00e1logo. Por ejemplo, el pasado 27 de marzo, cuando en el Domingo de Pascua y antes de la bendici\u00f3n &#8220;Urbi et orbi&#8221;, Francisco mencion\u00f3 &#8220;las dif\u00edciles condiciones en las que vive&#8221; el pueblo venezolano.<\/p>\n<p>&nbsp;<\/p>\n<p>Tambi\u00e9n en el avi\u00f3n de regreso a Roma desde Cracovia en julio pasado, el papa dijo que cre\u00eda que se quer\u00eda al Vaticano en el grupo de mediaci\u00f3n sobre Venezuela, aunque matiz\u00f3 que no estaba seguro de ello.<\/p>\n","protected":false},"excerpt":{"rendered":"<p>Luego del encuentro, que no estaba en agenda, entre el papa Francisco y el presidente de Venezuela, Nicol\u00e1s Maduro, se inici\u00f3 un proceso de dialogo en el pa\u00eds caribe\u00f1o mediado por un enviado del Vaticano. Seg\u00fan se inform\u00f3 oficialmente, en la reuni\u00f3n en Santa Marta, ambos hablaron &#8220;de la preocupante situaci\u00f3n de crisis pol\u00edtica, social y econ\u00f3mica que el pa\u00eds est\u00e1 atravesando&#8221; &nbsp; &nbsp; &nbsp; &nbsp; &nbsp; &nbsp; La reuni\u00f3n se produjo momentos antes de que el enviado del papa a Venezuela para promover el di\u00e1logo, monse\u00f1or Emil Paul Tscherrig,&#8230;<\/p>\n","protected":false},"author":3,"featured_media":3243,"comment_status":"closed","ping_status":"closed","sticky":false,"template":"","format":"standard","meta":[],"categories":[4],"tags":[],"_links":{"self":[{"href":"https:\/\/www.actualidadadiario.com\/index.php\/wp-json\/wp\/v2\/posts\/3242"}],"collection":[{"href":"https:\/\/www.actualidadadiario.com\/index.php\/wp-json\/wp\/v2\/posts"}],"about":[{"href":"https:\/\/www.actualidadadiario.com\/index.php\/wp-json\/wp\/v2\/types\/post"}],"author":[{"embeddable":true,"href":"https:\/\/www.actualidadadiario.com\/index.php\/wp-json\/wp\/v2\/users\/3"}],"replies":[{"embeddable":true,"href":"https:\/\/www.actualidadadiario.com\/index.php\/wp-json\/wp\/v2\/comments?post=3242"}],"version-history":[{"count":1,"href":"https:\/\/www.actualidadadiario.com\/index.php\/wp-json\/wp\/v2\/posts\/3242\/revisions"}],"predecessor-version":[{"id":3244,"href":"https:\/\/www.actualidadadiario.com\/index.php\/wp-json\/wp\/v2\/posts\/3242\/revisions\/3244"}],"wp:featuredmedia":[{"embeddable":true,"href":"https:\/\/www.actualidadadiario.com\/index.php\/wp-json\/wp\/v2\/media\/3243"}],"wp:attachment":[{"href":"https:\/\/www.actualidadadiario.com\/index.php\/wp-json\/wp\/v2\/media?parent=3242"}],"wp:term":[{"taxonomy":"category","embeddable":true,"href":"https:\/\/www.actualidadadiario.com\/index.php\/wp-json\/wp\/v2\/categories?post=3242"},{"taxonomy":"post_tag","embeddable":true,"href":"https:\/\/www.actualidadadiario.com\/index.php\/wp-json\/wp\/v2\/tags?post=3242"}],"curies":[{"name":"wp","href":"https:\/\/api.w.org\/{rel}","templated":true}]}}