{"id":3237,"date":"2016-10-25T09:55:36","date_gmt":"2016-10-25T12:55:36","guid":{"rendered":"http:\/\/actualidadadiario.com\/site\/?p=3237"},"modified":"2016-10-25T10:00:45","modified_gmt":"2016-10-25T13:00:45","slug":"anuncian-apertura-de-archivos-de-la-iglesia-sobre-la-dictadura","status":"publish","type":"post","link":"https:\/\/www.actualidadadiario.com\/index.php\/2016\/10\/25\/anuncian-apertura-de-archivos-de-la-iglesia-sobre-la-dictadura\/","title":{"rendered":"Anuncian apertura de archivos de la Iglesia sobre la dictadura"},"content":{"rendered":"<p><em><strong>El Vaticano y la Conferencia Episcopal Argentina (CEA) anunciaron en un comunicado conjunto que se concluy\u00f3 con el &#8220;proceso de organizaci\u00f3n y digitalizaci\u00f3n&#8221; de sus archivos sobre la \u00faltima dictadura c\u00edvico militar y que pr\u00f3ximamente se abrir\u00e1n a la consulta de las &#8220;v\u00edctimas y familiares directos de los desaparecidos&#8221;<\/strong><\/em><\/p>\n<p>&nbsp;<\/p>\n<p>&nbsp;<\/p>\n<p>&nbsp;<\/p>\n<p>&nbsp;<\/p>\n<p>&nbsp;<\/p>\n<p>El comunicado sostiene que &#8220;podr\u00e1n acceder a la consulta de los documentos referidos las v\u00edctimas y familiares directos de los desaparecidos y detenidos y, en el caso de religiosos o eclesi\u00e1sticos, tambi\u00e9n sus Superiores mayores&#8221;.<\/p>\n<p>&nbsp;<\/p>\n<p>Ambas instituciones destacaron que &#8220;se desea subrayar que este trabajo se ha desarrollado teniendo como premisa el servicio a la verdad, a la justicia y a la paz, continuando con el di\u00e1logo abierto a la cultura del encuentro en el pueblo argentino&#8221;.<\/p>\n<p>&nbsp;<\/p>\n<p>Se espera una conferencia de prensa desde el Vaticano durante el transcurso de la ma\u00f1ana.<\/p>\n","protected":false},"excerpt":{"rendered":"<p>El Vaticano y la Conferencia Episcopal Argentina (CEA) anunciaron en un comunicado conjunto que se concluy\u00f3 con el &#8220;proceso de organizaci\u00f3n y digitalizaci\u00f3n&#8221; de sus archivos sobre la \u00faltima dictadura c\u00edvico militar y que pr\u00f3ximamente se abrir\u00e1n a la consulta de las &#8220;v\u00edctimas y familiares directos de los desaparecidos&#8221; &nbsp; &nbsp; &nbsp; &nbsp; &nbsp; El comunicado sostiene que &#8220;podr\u00e1n acceder a la consulta de los documentos referidos las v\u00edctimas y familiares directos de los desaparecidos y detenidos y, en el caso de religiosos o eclesi\u00e1sticos, tambi\u00e9n sus Superiores mayores&#8221;. &nbsp;&#8230;<\/p>\n","protected":false},"author":3,"featured_media":3238,"comment_status":"closed","ping_status":"closed","sticky":false,"template":"","format":"standard","meta":[],"categories":[9],"tags":[],"_links":{"self":[{"href":"https:\/\/www.actualidadadiario.com\/index.php\/wp-json\/wp\/v2\/posts\/3237"}],"collection":[{"href":"https:\/\/www.actualidadadiario.com\/index.php\/wp-json\/wp\/v2\/posts"}],"about":[{"href":"https:\/\/www.actualidadadiario.com\/index.php\/wp-json\/wp\/v2\/types\/post"}],"author":[{"embeddable":true,"href":"https:\/\/www.actualidadadiario.com\/index.php\/wp-json\/wp\/v2\/users\/3"}],"replies":[{"embeddable":true,"href":"https:\/\/www.actualidadadiario.com\/index.php\/wp-json\/wp\/v2\/comments?post=3237"}],"version-history":[{"count":1,"href":"https:\/\/www.actualidadadiario.com\/index.php\/wp-json\/wp\/v2\/posts\/3237\/revisions"}],"predecessor-version":[{"id":3239,"href":"https:\/\/www.actualidadadiario.com\/index.php\/wp-json\/wp\/v2\/posts\/3237\/revisions\/3239"}],"wp:featuredmedia":[{"embeddable":true,"href":"https:\/\/www.actualidadadiario.com\/index.php\/wp-json\/wp\/v2\/media\/3238"}],"wp:attachment":[{"href":"https:\/\/www.actualidadadiario.com\/index.php\/wp-json\/wp\/v2\/media?parent=3237"}],"wp:term":[{"taxonomy":"category","embeddable":true,"href":"https:\/\/www.actualidadadiario.com\/index.php\/wp-json\/wp\/v2\/categories?post=3237"},{"taxonomy":"post_tag","embeddable":true,"href":"https:\/\/www.actualidadadiario.com\/index.php\/wp-json\/wp\/v2\/tags?post=3237"}],"curies":[{"name":"wp","href":"https:\/\/api.w.org\/{rel}","templated":true}]}}