{"id":3231,"date":"2016-10-25T09:53:59","date_gmt":"2016-10-25T12:53:59","guid":{"rendered":"http:\/\/actualidadadiario.com\/site\/?p=3231"},"modified":"2016-10-25T09:53:59","modified_gmt":"2016-10-25T12:53:59","slug":"daer-los-trabajadores-estamos-peor-que-hace-un-ano","status":"publish","type":"post","link":"https:\/\/www.actualidadadiario.com\/index.php\/2016\/10\/25\/daer-los-trabajadores-estamos-peor-que-hace-un-ano\/","title":{"rendered":"Daer: &#8220;Los trabajadores estamos peor que hace un a\u00f1o&#8221;"},"content":{"rendered":"<p><em><strong>El secretario general de la CGT justific\u00f3 la situaci\u00f3n en la ca\u00edda del poder de compra del sueldo. Rechaz\u00f3 el pago del bono en cuotas<\/strong><\/em><\/p>\n<p>&nbsp;<\/p>\n<p>&nbsp;<\/p>\n<p>&nbsp;<\/p>\n<p>&nbsp;<\/p>\n<p>&nbsp;<\/p>\n<p>El secretario general de la CGT H\u00e9ctor Daer afirm\u00f3 que los trabajadores est\u00e1n &#8220;peor que hace un a\u00f1o&#8221; por la ca\u00edda del poder adquisitivo del salario. Adem\u00e1s, neg\u00f3 la posibilidad de que el bono de fin de a\u00f1o se pague en cuotas, tal como apunt\u00f3 el ministro de Trabajo, Jorge Triaca.<\/p>\n<p>&nbsp;<\/p>\n<p>&#8220;Los trabajadores estamos peor que hace un a\u00f1o, no tenga dudas&#8221;, advirti\u00f3 Daer, en momentos en que se comenzar\u00e1 a discutir en los distintos sectores de la econom\u00eda un bono de fin de a\u00f1o. En declaraciones a la radio La Red, el integrante del triunvirato que encabeza la CGT afirm\u00f3: &#8220;Hubo un ajuste, una ca\u00edda del poder adquisitivo y hay ciertos sectores que quieren una econom\u00eda exportadora de commodities sin valor agregado&#8221;.<\/p>\n<p>&nbsp;<\/p>\n<p>Por otra parte, Daer rechaz\u00f3 que el extra de fin de a\u00f1o pueda pagarse en cuotas. &#8220;Eso no se discuti\u00f3 nunca. Nosotros no nos podemos subrogar el derecho de las negociaciones colectivas de cada una de las actividades. Nosotros lo que hicimos es generar un bono de $ 2.000 que podr\u00e1 ir para arriba dependiendo de cada sector&#8221;, sostuvo el sindicalista.<\/p>\n","protected":false},"excerpt":{"rendered":"<p>El secretario general de la CGT justific\u00f3 la situaci\u00f3n en la ca\u00edda del poder de compra del sueldo. Rechaz\u00f3 el pago del bono en cuotas &nbsp; &nbsp; &nbsp; &nbsp; &nbsp; El secretario general de la CGT H\u00e9ctor Daer afirm\u00f3 que los trabajadores est\u00e1n &#8220;peor que hace un a\u00f1o&#8221; por la ca\u00edda del poder adquisitivo del salario. Adem\u00e1s, neg\u00f3 la posibilidad de que el bono de fin de a\u00f1o se pague en cuotas, tal como apunt\u00f3 el ministro de Trabajo, Jorge Triaca. &nbsp; &#8220;Los trabajadores estamos peor que hace un a\u00f1o,&#8230;<\/p>\n","protected":false},"author":3,"featured_media":3232,"comment_status":"closed","ping_status":"closed","sticky":false,"template":"","format":"standard","meta":[],"categories":[18],"tags":[],"_links":{"self":[{"href":"https:\/\/www.actualidadadiario.com\/index.php\/wp-json\/wp\/v2\/posts\/3231"}],"collection":[{"href":"https:\/\/www.actualidadadiario.com\/index.php\/wp-json\/wp\/v2\/posts"}],"about":[{"href":"https:\/\/www.actualidadadiario.com\/index.php\/wp-json\/wp\/v2\/types\/post"}],"author":[{"embeddable":true,"href":"https:\/\/www.actualidadadiario.com\/index.php\/wp-json\/wp\/v2\/users\/3"}],"replies":[{"embeddable":true,"href":"https:\/\/www.actualidadadiario.com\/index.php\/wp-json\/wp\/v2\/comments?post=3231"}],"version-history":[{"count":1,"href":"https:\/\/www.actualidadadiario.com\/index.php\/wp-json\/wp\/v2\/posts\/3231\/revisions"}],"predecessor-version":[{"id":3233,"href":"https:\/\/www.actualidadadiario.com\/index.php\/wp-json\/wp\/v2\/posts\/3231\/revisions\/3233"}],"wp:featuredmedia":[{"embeddable":true,"href":"https:\/\/www.actualidadadiario.com\/index.php\/wp-json\/wp\/v2\/media\/3232"}],"wp:attachment":[{"href":"https:\/\/www.actualidadadiario.com\/index.php\/wp-json\/wp\/v2\/media?parent=3231"}],"wp:term":[{"taxonomy":"category","embeddable":true,"href":"https:\/\/www.actualidadadiario.com\/index.php\/wp-json\/wp\/v2\/categories?post=3231"},{"taxonomy":"post_tag","embeddable":true,"href":"https:\/\/www.actualidadadiario.com\/index.php\/wp-json\/wp\/v2\/tags?post=3231"}],"curies":[{"name":"wp","href":"https:\/\/api.w.org\/{rel}","templated":true}]}}