{"id":3226,"date":"2016-10-25T09:52:37","date_gmt":"2016-10-25T12:52:37","guid":{"rendered":"http:\/\/actualidadadiario.com\/site\/?p=3226"},"modified":"2016-10-25T09:52:37","modified_gmt":"2016-10-25T12:52:37","slug":"crearan-un-indice-para-medir-el-impacto-de-las-importaciones-en-el-empleo","status":"publish","type":"post","link":"https:\/\/www.actualidadadiario.com\/index.php\/2016\/10\/25\/crearan-un-indice-para-medir-el-impacto-de-las-importaciones-en-el-empleo\/","title":{"rendered":"Crear\u00e1n un \u00edndice para medir el impacto de las importaciones en el empleo"},"content":{"rendered":"<p><em><strong>El diputado del FR Jos\u00e9 Ignacio de Mendiguren anunci\u00f3 que relevar\u00e1 las consecuencias de la apertura comercial del Gobierno<\/strong><\/em><\/p>\n<p>&nbsp;<\/p>\n<p>&nbsp;<\/p>\n<p>&nbsp;<\/p>\n<p>&nbsp;<\/p>\n<p>&nbsp;<\/p>\n<p>&nbsp;<\/p>\n<p>&nbsp;<\/p>\n<p>El diputado nacional por el Frente Renovador Jos\u00e9 Ignacio de Mendiguren anunci\u00f3 la creaci\u00f3n de &#8220;un \u00edndice que va a medir el impacto de las importaciones en el empleo argentino&#8221;. As\u00ed lo indic\u00f3 luego de que finalizara una reuni\u00f3n entre el Consejo Directivo de la CGT y las comisiones de Industria y de Econom\u00eda de la C\u00e1mara de Diputados.<\/p>\n<p>&nbsp;<\/p>\n<p>Tras el encuentro llevado a cabo en medio de la preocupaci\u00f3n respecto del aumento de importaciones, de Mendiguren reclam\u00f3 cambios al Gobierno y pronostic\u00f3 que &#8220;por este camino, va a ser muy dif\u00edcil crear empleo nuevo&#8221;.<\/p>\n<p>&nbsp;<\/p>\n<p>En lo que va del a\u00f1o, el gobierno de Mauricio Macri acumula 213.166 despidos y suspensiones, de acuerdo al relevamiento del Centro de Econom\u00eda Pol\u00edtica Argentina (CEPA). &#8220;No hubo un proceso de ajuste de los planteles de este tenor desde la salida de la crisis de 2001&#8221;, aclararon desde el instituto investigativo.<\/p>\n<p>&nbsp;<\/p>\n<p>El centro que dirige Hern\u00e1n Letcher se\u00f1al\u00f3 que el mes pasado se registr\u00f3 &#8220;una baja en la p\u00e9rdida de puestos de trabajo&#8221;. De esta manera la cantidad de personas que quedaron sin trabajo en septiembre (1.554) fue menor que en el mes anterior (9.473). Sin embargo las suspensiones mantienen altas. En septiembre fueron suspendidos 3.532 trabajadores, mientras que el mes anterior fueron 4.185.<\/p>\n","protected":false},"excerpt":{"rendered":"<p>El diputado del FR Jos\u00e9 Ignacio de Mendiguren anunci\u00f3 que relevar\u00e1 las consecuencias de la apertura comercial del Gobierno &nbsp; &nbsp; &nbsp; &nbsp; &nbsp; &nbsp; &nbsp; El diputado nacional por el Frente Renovador Jos\u00e9 Ignacio de Mendiguren anunci\u00f3 la creaci\u00f3n de &#8220;un \u00edndice que va a medir el impacto de las importaciones en el empleo argentino&#8221;. As\u00ed lo indic\u00f3 luego de que finalizara una reuni\u00f3n entre el Consejo Directivo de la CGT y las comisiones de Industria y de Econom\u00eda de la C\u00e1mara de Diputados. &nbsp; Tras el encuentro llevado&#8230;<\/p>\n","protected":false},"author":3,"featured_media":3227,"comment_status":"closed","ping_status":"closed","sticky":false,"template":"","format":"standard","meta":[],"categories":[18],"tags":[],"_links":{"self":[{"href":"https:\/\/www.actualidadadiario.com\/index.php\/wp-json\/wp\/v2\/posts\/3226"}],"collection":[{"href":"https:\/\/www.actualidadadiario.com\/index.php\/wp-json\/wp\/v2\/posts"}],"about":[{"href":"https:\/\/www.actualidadadiario.com\/index.php\/wp-json\/wp\/v2\/types\/post"}],"author":[{"embeddable":true,"href":"https:\/\/www.actualidadadiario.com\/index.php\/wp-json\/wp\/v2\/users\/3"}],"replies":[{"embeddable":true,"href":"https:\/\/www.actualidadadiario.com\/index.php\/wp-json\/wp\/v2\/comments?post=3226"}],"version-history":[{"count":1,"href":"https:\/\/www.actualidadadiario.com\/index.php\/wp-json\/wp\/v2\/posts\/3226\/revisions"}],"predecessor-version":[{"id":3228,"href":"https:\/\/www.actualidadadiario.com\/index.php\/wp-json\/wp\/v2\/posts\/3226\/revisions\/3228"}],"wp:featuredmedia":[{"embeddable":true,"href":"https:\/\/www.actualidadadiario.com\/index.php\/wp-json\/wp\/v2\/media\/3227"}],"wp:attachment":[{"href":"https:\/\/www.actualidadadiario.com\/index.php\/wp-json\/wp\/v2\/media?parent=3226"}],"wp:term":[{"taxonomy":"category","embeddable":true,"href":"https:\/\/www.actualidadadiario.com\/index.php\/wp-json\/wp\/v2\/categories?post=3226"},{"taxonomy":"post_tag","embeddable":true,"href":"https:\/\/www.actualidadadiario.com\/index.php\/wp-json\/wp\/v2\/tags?post=3226"}],"curies":[{"name":"wp","href":"https:\/\/api.w.org\/{rel}","templated":true}]}}