{"id":3223,"date":"2016-10-25T09:51:48","date_gmt":"2016-10-25T12:51:48","guid":{"rendered":"http:\/\/actualidadadiario.com\/site\/?p=3223"},"modified":"2016-10-25T09:51:48","modified_gmt":"2016-10-25T12:51:48","slug":"provincias-definen-hoy-si-aceptan-el-compromiso-2016-17-de-metas-fiscales","status":"publish","type":"post","link":"https:\/\/www.actualidadadiario.com\/index.php\/2016\/10\/25\/provincias-definen-hoy-si-aceptan-el-compromiso-2016-17-de-metas-fiscales\/","title":{"rendered":"Provincias definen hoy si aceptan el compromiso 2016-17 de metas fiscales"},"content":{"rendered":"<p><em><strong>Habr\u00eda consenso para emitir un comunicado e incorporar dos o tres puntos al Presupuesto 2017, que se dictaminar\u00eda este jueves en Diputados<\/strong><\/em><\/p>\n<p>&nbsp;<\/p>\n<p>&nbsp;<\/p>\n<p>&nbsp;<\/p>\n<p>&nbsp;<\/p>\n<p>&nbsp;<\/p>\n<p>&nbsp;<\/p>\n<p>El Consejo Federal de Responsabilidad Fiscal que integran los ministros de Econom\u00eda de las provincias, y cuyo Comit\u00e9 Ejecutivo lo comanda el titular de la Hacienda y Finanzas de Mendoza, Mart\u00edn Kerchner (UCR-Cambiemos), buscar\u00e1 sellar hoy con Naci\u00f3n un acuerdo de metas fiscales, de gasto y endeudamiento para incorporarlas al Presupuesto 2017, cuyo dictamen se activar\u00eda pasado ma\u00f1ana en la C\u00e1mara de Diputados.<\/p>\n<p>&nbsp;<\/p>\n<p>La llegada al consenso se dar\u00eda tras semanas de reuniones -algunas pasaron el nivel de tensi\u00f3n esperado- entre los distritos y Casa Rosada para que las provincias no gasten el a\u00f1o pr\u00f3ximo m\u00e1s que el crecimiento nominal del PBI, y reduzcan el d\u00e9ficit fiscal en un 10%.<\/p>\n<p>&nbsp;<\/p>\n<p>El acuerdo en cuesti\u00f3n servir\u00e1 de palanca para tratar, el 22 de noviembre, un borrador de reforma integral del R\u00e9gimen Federal de Responsabilidad Fiscal, que deber\u00eda entrar en vigencia en 2018.<\/p>\n<p>&nbsp;<\/p>\n<p>&#8220;No deber\u00edan haber problemas ma\u00f1ana -en referencia a hoy- ya que la semana pasada se habl\u00f3 de la propuesta y si bien hay algunas provincias m\u00e1s de acuerdo que otras, lo importante es sacar este entendimiento transitorio para luego ir a lo importante, que es la nueva ley fiscal&#8221;, se\u00f1alaron ayer a \u00c1mbito Nacional desde Casa Rosada. Adem\u00e1s, en el entorno de un ministro de Econom\u00eda provincial aseguraron que el viernes \u00faltimo, en San Juan, representantes de Hacienda de diversos distritos dieron el aval del documento que se tratar\u00e1 hoy.<\/p>\n<p>&nbsp;<\/p>\n<p>La resistencia inicial de algunos distritos del PJ mud\u00f3 luego en un canje de cr\u00edticas hacia Naci\u00f3n. Seg\u00fan pudo saber este diario, t\u00e9cnicos que participaron de las \u00faltimas reuniones escucharon fuertes quejas de provincias que tienen solvencia econ\u00f3mica, como Corrientes, y quedan al arbitrio de Naci\u00f3n para colocar cualquier tipo de deuda.<\/p>\n<p>&nbsp;<\/p>\n<p>Corrientes, con experiencias negativas despu\u00e9s de los a\u00f1os kirchneristas, no quiere ver repetida esa situaci\u00f3n con el macrismo. A este punto de tensi\u00f3n se le suma otro, que es hasta d\u00f3nde podr\u00e1 Naci\u00f3n exigir recortes en el gasto y de d\u00e9ficit fiscal, teniendo en cuenta que Casa Rosada deber\u00eda ser la primera en ponerse como ejemplo de lo que pregona.<\/p>\n<p>&nbsp;<\/p>\n<p>Por otra parte, ministros del PJ aprovechar\u00e1n la presencia del titular de Hacienda de la Naci\u00f3n, Alfonso Prat Gay, para dar un \u00faltimo pantallazo de puntos que a\u00fan se debaten del Presupuesto 2017.<\/p>\n<p>&nbsp;<\/p>\n<p>Habr\u00eda definiciones sobre la distribuci\u00f3n autom\u00e1tica por coparticipaci\u00f3n -o si contin\u00faa a discreci\u00f3n de Casa Rosada- de los Aportes del Tesoro Nacional; un per\u00edodo de gracia de dos a\u00f1os -hasta el 31 de diciembre de 2018- de las deudas que las provincias tienen con Naci\u00f3n, que se vence a fin de 2016 (m\u00e1s plan de pago a 20 a\u00f1os); fondos para paliar d\u00e9ficit de cajas previsionales que a\u00fan no pasaron a Naci\u00f3n y la discusi\u00f3n acerca de la &#8220;armonizaci\u00f3n&#8221; de los sistemas; un Fondo de la Lucha contra el Hambre (saldr\u00eda del 3% del endeudamiento a &#8220;largo plazo&#8221; que present\u00f3 Naci\u00f3n en el Presupuesto 2017&#8243;; y coparticipar el 50% del Impuesto al Cheque.<\/p>\n","protected":false},"excerpt":{"rendered":"<p>Habr\u00eda consenso para emitir un comunicado e incorporar dos o tres puntos al Presupuesto 2017, que se dictaminar\u00eda este jueves en Diputados &nbsp; &nbsp; &nbsp; &nbsp; &nbsp; &nbsp; El Consejo Federal de Responsabilidad Fiscal que integran los ministros de Econom\u00eda de las provincias, y cuyo Comit\u00e9 Ejecutivo lo comanda el titular de la Hacienda y Finanzas de Mendoza, Mart\u00edn Kerchner (UCR-Cambiemos), buscar\u00e1 sellar hoy con Naci\u00f3n un acuerdo de metas fiscales, de gasto y endeudamiento para incorporarlas al Presupuesto 2017, cuyo dictamen se activar\u00eda pasado ma\u00f1ana en la C\u00e1mara de&#8230;<\/p>\n","protected":false},"author":3,"featured_media":3224,"comment_status":"closed","ping_status":"closed","sticky":false,"template":"","format":"standard","meta":[],"categories":[2],"tags":[],"_links":{"self":[{"href":"https:\/\/www.actualidadadiario.com\/index.php\/wp-json\/wp\/v2\/posts\/3223"}],"collection":[{"href":"https:\/\/www.actualidadadiario.com\/index.php\/wp-json\/wp\/v2\/posts"}],"about":[{"href":"https:\/\/www.actualidadadiario.com\/index.php\/wp-json\/wp\/v2\/types\/post"}],"author":[{"embeddable":true,"href":"https:\/\/www.actualidadadiario.com\/index.php\/wp-json\/wp\/v2\/users\/3"}],"replies":[{"embeddable":true,"href":"https:\/\/www.actualidadadiario.com\/index.php\/wp-json\/wp\/v2\/comments?post=3223"}],"version-history":[{"count":1,"href":"https:\/\/www.actualidadadiario.com\/index.php\/wp-json\/wp\/v2\/posts\/3223\/revisions"}],"predecessor-version":[{"id":3225,"href":"https:\/\/www.actualidadadiario.com\/index.php\/wp-json\/wp\/v2\/posts\/3223\/revisions\/3225"}],"wp:featuredmedia":[{"embeddable":true,"href":"https:\/\/www.actualidadadiario.com\/index.php\/wp-json\/wp\/v2\/media\/3224"}],"wp:attachment":[{"href":"https:\/\/www.actualidadadiario.com\/index.php\/wp-json\/wp\/v2\/media?parent=3223"}],"wp:term":[{"taxonomy":"category","embeddable":true,"href":"https:\/\/www.actualidadadiario.com\/index.php\/wp-json\/wp\/v2\/categories?post=3223"},{"taxonomy":"post_tag","embeddable":true,"href":"https:\/\/www.actualidadadiario.com\/index.php\/wp-json\/wp\/v2\/tags?post=3223"}],"curies":[{"name":"wp","href":"https:\/\/api.w.org\/{rel}","templated":true}]}}