{"id":3217,"date":"2016-10-25T09:50:11","date_gmt":"2016-10-25T12:50:11","guid":{"rendered":"http:\/\/actualidadadiario.com\/site\/?p=3217"},"modified":"2016-10-25T09:50:11","modified_gmt":"2016-10-25T12:50:11","slug":"mendocinos-se-movilizaron-para-exigir-justicia-por-el-triple-crimen","status":"publish","type":"post","link":"https:\/\/www.actualidadadiario.com\/index.php\/2016\/10\/25\/mendocinos-se-movilizaron-para-exigir-justicia-por-el-triple-crimen\/","title":{"rendered":"Mendocinos se movilizaron para exigir justicia por el triple crimen"},"content":{"rendered":"<p><em><strong>Vecinos, amigos y familiares de las v\u00edctimas del triple femicidio de Godoy Cruz, Mendoza, marcharon a la legislatura provincial para reclamar justicia por las v\u00edctimas<\/strong><\/em><\/p>\n<p>&nbsp;<\/p>\n<p>&nbsp;<\/p>\n<p>&nbsp;<\/p>\n<p>&nbsp;<\/p>\n<p>&nbsp;<\/p>\n<p>La marcha comenz\u00f3 en horas de la tarde de este lunes y entre los asistentes estuvo &#8220;Rolo&#8221;, padre de Claudia Arias, una de las v\u00edctimas fatales.<\/p>\n<p>&nbsp;<\/p>\n<p>En declaraciones al canal C5N, el hombre dijo: &#8220;Estoy destrozado, destrozaron a mi familia. Mat\u00f3 a mi hija y a mi suegra, intent\u00f3 asesinar a los nenes&#8221;.<\/p>\n<p>&nbsp;<\/p>\n<p>&#8220;A cualquiera le puede tocar. Yo dije que a m\u00ed nunca me va a pasar y ac\u00e1 estoy ahora. Estoy infinitamente a agradecido a todos los que est\u00e1n aqu\u00ed&#8221;, asegur\u00f3.<\/p>\n<p>&nbsp;<\/p>\n<p>Adem\u00e1s, afirm\u00f3 haber participado d\u00edas atr\u00e1s en la marcha &#8220;Ni una menos&#8221; en la provincia de La Rioja y pidi\u00f3 &#8220;la peor condena&#8221; para Daniel Zalazar Aceituno, el \u00fanico acusado en la causa<\/p>\n<p>&nbsp;<\/p>\n<p>Las v\u00edctimas fatales son Claudia Lorena Arias (31), su t\u00eda Marta Susana Ortiz (45) y su abuela Silvia Vicenta D\u00edaz de Ortiz (90).<\/p>\n<p>&nbsp;<\/p>\n<p>Adem\u00e1s, el agresor hiri\u00f3 de gravedad a una beb\u00e9 de 10 meses y su hermanastro.<\/p>\n","protected":false},"excerpt":{"rendered":"<p>Vecinos, amigos y familiares de las v\u00edctimas del triple femicidio de Godoy Cruz, Mendoza, marcharon a la legislatura provincial para reclamar justicia por las v\u00edctimas &nbsp; &nbsp; &nbsp; &nbsp; &nbsp; La marcha comenz\u00f3 en horas de la tarde de este lunes y entre los asistentes estuvo &#8220;Rolo&#8221;, padre de Claudia Arias, una de las v\u00edctimas fatales. &nbsp; En declaraciones al canal C5N, el hombre dijo: &#8220;Estoy destrozado, destrozaron a mi familia. Mat\u00f3 a mi hija y a mi suegra, intent\u00f3 asesinar a los nenes&#8221;. &nbsp; &#8220;A cualquiera le puede tocar&#8230;.<\/p>\n","protected":false},"author":3,"featured_media":3218,"comment_status":"closed","ping_status":"closed","sticky":false,"template":"","format":"standard","meta":[],"categories":[4],"tags":[],"_links":{"self":[{"href":"https:\/\/www.actualidadadiario.com\/index.php\/wp-json\/wp\/v2\/posts\/3217"}],"collection":[{"href":"https:\/\/www.actualidadadiario.com\/index.php\/wp-json\/wp\/v2\/posts"}],"about":[{"href":"https:\/\/www.actualidadadiario.com\/index.php\/wp-json\/wp\/v2\/types\/post"}],"author":[{"embeddable":true,"href":"https:\/\/www.actualidadadiario.com\/index.php\/wp-json\/wp\/v2\/users\/3"}],"replies":[{"embeddable":true,"href":"https:\/\/www.actualidadadiario.com\/index.php\/wp-json\/wp\/v2\/comments?post=3217"}],"version-history":[{"count":1,"href":"https:\/\/www.actualidadadiario.com\/index.php\/wp-json\/wp\/v2\/posts\/3217\/revisions"}],"predecessor-version":[{"id":3219,"href":"https:\/\/www.actualidadadiario.com\/index.php\/wp-json\/wp\/v2\/posts\/3217\/revisions\/3219"}],"wp:featuredmedia":[{"embeddable":true,"href":"https:\/\/www.actualidadadiario.com\/index.php\/wp-json\/wp\/v2\/media\/3218"}],"wp:attachment":[{"href":"https:\/\/www.actualidadadiario.com\/index.php\/wp-json\/wp\/v2\/media?parent=3217"}],"wp:term":[{"taxonomy":"category","embeddable":true,"href":"https:\/\/www.actualidadadiario.com\/index.php\/wp-json\/wp\/v2\/categories?post=3217"},{"taxonomy":"post_tag","embeddable":true,"href":"https:\/\/www.actualidadadiario.com\/index.php\/wp-json\/wp\/v2\/tags?post=3217"}],"curies":[{"name":"wp","href":"https:\/\/api.w.org\/{rel}","templated":true}]}}