{"id":3211,"date":"2016-10-25T09:48:15","date_gmt":"2016-10-25T12:48:15","guid":{"rendered":"http:\/\/actualidadadiario.com\/site\/?p=3211"},"modified":"2016-10-25T09:48:15","modified_gmt":"2016-10-25T12:48:15","slug":"carrio-rechazo-la-reforma-de-ministerio-publico","status":"publish","type":"post","link":"https:\/\/www.actualidadadiario.com\/index.php\/2016\/10\/25\/carrio-rechazo-la-reforma-de-ministerio-publico\/","title":{"rendered":"Carri\u00f3 rechaz\u00f3 la reforma de Ministerio Publico"},"content":{"rendered":"<p><em><strong>La l\u00edder de la Coalici\u00f3n C\u00edvica, Elisa Carri\u00f3, rechaz\u00f3 este lunes por &#8220;inconstitucional&#8221; el proyecto de reforma del Ministerio P\u00fablico Fiscal impulsado por el Gobierno con el objetivo de acotar el mandato de la actual procuradora general, Alejandra Gils Carb\u00f3, y presentar\u00e1 en las pr\u00f3ximas horas una observaci\u00f3n al dictamen que ser\u00e1 tratado el mi\u00e9rcoles en el recinto de la C\u00e1mara de Diputados<\/strong><\/em><\/p>\n<p>&nbsp;<\/p>\n<p>&nbsp;<\/p>\n<p>&nbsp;<\/p>\n<p>&nbsp;<\/p>\n<p>&nbsp;<\/p>\n<p>&nbsp;<\/p>\n<p>Concretamente, la diputada -quien se recupera de una angioplast\u00eda a la que fue sometida semanas atr\u00e1s- objeta los cinco a\u00f1os que establece el proyecto para el cargo de procurador, al entender que dicho plazo no supera el per\u00edodo de un Gobierno (que puede aspirar a dos mandatos), por lo que propondr\u00eda elevarlo a diez a\u00f1os.<\/p>\n<p>&nbsp;<\/p>\n<p>Fuentes cercanas a Carri\u00f3 se\u00f1alaron que tal como est\u00e1 redactado el dictamen, el proyecto &#8220;tiene nombre y apellido&#8221; y es &#8220;inconstitucional&#8221;, ya que plantea una &#8220;intromisi\u00f3n del Poder Ejecutivo y del Poder Legislativo en asuntos del Poder Judicial&#8221;.<\/p>\n<p>&nbsp;<\/p>\n<p>En efecto, de aprobarse la iniciativa tal como vino en el dictamen de mayor\u00eda, cada Presidente de la Naci\u00f3n podr\u00eda nombrar a su procurador con el aval del Congreso.<\/p>\n<p>&nbsp;<\/p>\n<p>En todo caso, la chaque\u00f1a considera que si el Gobierno quiere avanzar en la destituci\u00f3n de Gils Carb\u00f3, el mecanismo institucional debe ser el juicio pol\u00edtico &#8220;por delitos cometidos en el ejercicio de la funci\u00f3n p\u00fablica y no un acuerdo corporativo y la redacci\u00f3n de una ley inconstitucional&#8221;.<\/p>\n<p>&nbsp;<\/p>\n<p>Para Carri\u00f3, esta iniciativa del Ejecutivo es una m\u00e1s de las movidas orquestadas por el presidente de Boca Juniors, Daniel Angelici, a quien en varias oportunidades acus\u00f3 de ser operador del macrismo en los tribunales federales de Comodoro Py.<\/p>\n<p>&nbsp;<\/p>\n<p>De hecho, en esta iniciativa tambi\u00e9n incluye al Frente Renovador de Sergio Massa y al operador de la UCR Enrique &#8220;Coti&#8221; Nosiglia.<\/p>\n<p>&nbsp;<\/p>\n<p>Con la presentaci\u00f3n de su propuesta, Carri\u00f3 vuelve a tensar la relaci\u00f3n con el Gobierno, a poco de la presentaci\u00f3n de la Mesa Nacional de Cambiemos, prevista para el pr\u00f3ximo jueves junto al presidente Mauricio Macri y el radical Ernesto Sanz.<\/p>\n<p>&nbsp;<\/p>\n<p>Dado que la l\u00edder de la CC no es integrante de la comisi\u00f3n de Justicia, opt\u00f3 por realizar una &#8220;observaci\u00f3n al dictamen&#8221;, presentaci\u00f3n en la que los equipos t\u00e9cnicos de la Coalici\u00f3n C\u00edvica est\u00e1n trabajando a contrarreloj para presentar, a m\u00e1s tardar, a primera hora de este martes.<\/p>\n<p>&nbsp;<\/p>\n<p>Seg\u00fan explicaron a NA las fuentes consultadas, la observaci\u00f3n al despacho de comisi\u00f3n se incorpora como complemento al temario del orden de d\u00eda, de manera tal que la propuesta de Carri\u00f3 pueda ser abordada en la sesi\u00f3n del mi\u00e9rcoles.<\/p>\n<p>&nbsp;<\/p>\n<p>El rechazo de la diputada al dictamen del Poder Ejecutivo reabri\u00f3 las fisuras en el bloque oficialista Cambiemos, dado que se prev\u00e9 que de no mediar cambios en el proyecto, los diputados que responden a la Coalici\u00f3n C\u00edvica votar\u00e1n en contra.<\/p>\n","protected":false},"excerpt":{"rendered":"<p>La l\u00edder de la Coalici\u00f3n C\u00edvica, Elisa Carri\u00f3, rechaz\u00f3 este lunes por &#8220;inconstitucional&#8221; el proyecto de reforma del Ministerio P\u00fablico Fiscal impulsado por el Gobierno con el objetivo de acotar el mandato de la actual procuradora general, Alejandra Gils Carb\u00f3, y presentar\u00e1 en las pr\u00f3ximas horas una observaci\u00f3n al dictamen que ser\u00e1 tratado el mi\u00e9rcoles en el recinto de la C\u00e1mara de Diputados &nbsp; &nbsp; &nbsp; &nbsp; &nbsp; &nbsp; Concretamente, la diputada -quien se recupera de una angioplast\u00eda a la que fue sometida semanas atr\u00e1s- objeta los cinco a\u00f1os que&#8230;<\/p>\n","protected":false},"author":3,"featured_media":3212,"comment_status":"closed","ping_status":"closed","sticky":false,"template":"","format":"standard","meta":[],"categories":[9],"tags":[],"_links":{"self":[{"href":"https:\/\/www.actualidadadiario.com\/index.php\/wp-json\/wp\/v2\/posts\/3211"}],"collection":[{"href":"https:\/\/www.actualidadadiario.com\/index.php\/wp-json\/wp\/v2\/posts"}],"about":[{"href":"https:\/\/www.actualidadadiario.com\/index.php\/wp-json\/wp\/v2\/types\/post"}],"author":[{"embeddable":true,"href":"https:\/\/www.actualidadadiario.com\/index.php\/wp-json\/wp\/v2\/users\/3"}],"replies":[{"embeddable":true,"href":"https:\/\/www.actualidadadiario.com\/index.php\/wp-json\/wp\/v2\/comments?post=3211"}],"version-history":[{"count":1,"href":"https:\/\/www.actualidadadiario.com\/index.php\/wp-json\/wp\/v2\/posts\/3211\/revisions"}],"predecessor-version":[{"id":3213,"href":"https:\/\/www.actualidadadiario.com\/index.php\/wp-json\/wp\/v2\/posts\/3211\/revisions\/3213"}],"wp:featuredmedia":[{"embeddable":true,"href":"https:\/\/www.actualidadadiario.com\/index.php\/wp-json\/wp\/v2\/media\/3212"}],"wp:attachment":[{"href":"https:\/\/www.actualidadadiario.com\/index.php\/wp-json\/wp\/v2\/media?parent=3211"}],"wp:term":[{"taxonomy":"category","embeddable":true,"href":"https:\/\/www.actualidadadiario.com\/index.php\/wp-json\/wp\/v2\/categories?post=3211"},{"taxonomy":"post_tag","embeddable":true,"href":"https:\/\/www.actualidadadiario.com\/index.php\/wp-json\/wp\/v2\/tags?post=3211"}],"curies":[{"name":"wp","href":"https:\/\/api.w.org\/{rel}","templated":true}]}}