{"id":3208,"date":"2016-10-25T09:47:28","date_gmt":"2016-10-25T12:47:28","guid":{"rendered":"http:\/\/actualidadadiario.com\/site\/?p=3208"},"modified":"2016-10-25T09:47:28","modified_gmt":"2016-10-25T12:47:28","slug":"pena-anuncio-la-creacion-de-un-consejo-de-las-empresas-con-participacion-del-estado","status":"publish","type":"post","link":"https:\/\/www.actualidadadiario.com\/index.php\/2016\/10\/25\/pena-anuncio-la-creacion-de-un-consejo-de-las-empresas-con-participacion-del-estado\/","title":{"rendered":"Pe\u00f1a anunci\u00f3 la creaci\u00f3n de un consejo de las empresas con participaci\u00f3n del Estado"},"content":{"rendered":"<p><em><strong>El jefe de Gabinete, Marcos Pe\u00f1a, anunci\u00f3 este lunes la creaci\u00f3n de un consejo de coordinaci\u00f3n de las empresas con participaci\u00f3n del Estado, con el objetivo de &#8220;ponerlas en valor y definir est\u00e1ndares \u00e9ticos de transparencia&#8221;<\/strong><\/em><\/p>\n<p>&nbsp;<\/p>\n<p>&nbsp;<\/p>\n<p>&nbsp;<\/p>\n<p>&nbsp;<\/p>\n<p>&nbsp;<\/p>\n<p>As\u00ed lo manifest\u00f3 durante un encuentro realizado en la Casa de Gobierno.<\/p>\n<p>&nbsp;<\/p>\n<p>Pe\u00f1a estuvo acompa\u00f1ado por los secretarios de Coordinaci\u00f3n Interministerial, Mario Quintana, y de Coordinaci\u00f3n de Pol\u00edticas P\u00fablicas, Gustavo Lopetegui.<\/p>\n<p>&nbsp;<\/p>\n<p>Pe\u00f1a reivindic\u00f3 la necesidad de optimizar las pr\u00e1cticas globales en materia de \u00e9tica y transparencia de cara al proceso de integraci\u00f3n de la Argentina a la Organizaci\u00f3n para la Cooperaci\u00f3n y el Desarrollo Econ\u00f3mico (OCDE).<\/p>\n<p>&nbsp;<\/p>\n<p>El Jefe de Gabinete destac\u00f3 en ese sentido el proyecto de ley que establece un sistema de Responsabilidad Penal de las Personas Jur\u00eddicas por Delitos de Corrupci\u00f3n, que fue elaborado por el Poder Ejecutivo y enviado al Congreso el viernes \u00faltimo.<\/p>\n<p>&nbsp;<\/p>\n<p>Respecto de esa norma la titular de la Oficina Anticorrupci\u00f3n, Laura Alonso, sostuvo que el objetivo es que las empresas p\u00fablicas no puedan ser usadas &#8220;nunca m\u00e1s como una fachada para la corrupci\u00f3n&#8221;.<\/p>\n<p>&nbsp;<\/p>\n<p>Dijo que el proyecto va a servir para &#8220;elevar la vara y establecer un trabajo conjunto entre el sector p\u00fablico y el privado a fin de prevenir y detectar el delito&#8221;.<\/p>\n<p>&nbsp;<\/p>\n<p>Se\u00f1al\u00f3 que con esa legislaci\u00f3n &#8220;vamos a demostrar que podemos cambiar y que las cosas se pueden hacer mejor con calidad de gesti\u00f3n, est\u00e1ndares y planificaci\u00f3n&#8221;.<\/p>\n","protected":false},"excerpt":{"rendered":"<p>El jefe de Gabinete, Marcos Pe\u00f1a, anunci\u00f3 este lunes la creaci\u00f3n de un consejo de coordinaci\u00f3n de las empresas con participaci\u00f3n del Estado, con el objetivo de &#8220;ponerlas en valor y definir est\u00e1ndares \u00e9ticos de transparencia&#8221; &nbsp; &nbsp; &nbsp; &nbsp; &nbsp; As\u00ed lo manifest\u00f3 durante un encuentro realizado en la Casa de Gobierno. &nbsp; Pe\u00f1a estuvo acompa\u00f1ado por los secretarios de Coordinaci\u00f3n Interministerial, Mario Quintana, y de Coordinaci\u00f3n de Pol\u00edticas P\u00fablicas, Gustavo Lopetegui. &nbsp; Pe\u00f1a reivindic\u00f3 la necesidad de optimizar las pr\u00e1cticas globales en materia de \u00e9tica y transparencia de&#8230;<\/p>\n","protected":false},"author":3,"featured_media":3209,"comment_status":"closed","ping_status":"closed","sticky":false,"template":"","format":"standard","meta":[],"categories":[2],"tags":[],"_links":{"self":[{"href":"https:\/\/www.actualidadadiario.com\/index.php\/wp-json\/wp\/v2\/posts\/3208"}],"collection":[{"href":"https:\/\/www.actualidadadiario.com\/index.php\/wp-json\/wp\/v2\/posts"}],"about":[{"href":"https:\/\/www.actualidadadiario.com\/index.php\/wp-json\/wp\/v2\/types\/post"}],"author":[{"embeddable":true,"href":"https:\/\/www.actualidadadiario.com\/index.php\/wp-json\/wp\/v2\/users\/3"}],"replies":[{"embeddable":true,"href":"https:\/\/www.actualidadadiario.com\/index.php\/wp-json\/wp\/v2\/comments?post=3208"}],"version-history":[{"count":1,"href":"https:\/\/www.actualidadadiario.com\/index.php\/wp-json\/wp\/v2\/posts\/3208\/revisions"}],"predecessor-version":[{"id":3210,"href":"https:\/\/www.actualidadadiario.com\/index.php\/wp-json\/wp\/v2\/posts\/3208\/revisions\/3210"}],"wp:featuredmedia":[{"embeddable":true,"href":"https:\/\/www.actualidadadiario.com\/index.php\/wp-json\/wp\/v2\/media\/3209"}],"wp:attachment":[{"href":"https:\/\/www.actualidadadiario.com\/index.php\/wp-json\/wp\/v2\/media?parent=3208"}],"wp:term":[{"taxonomy":"category","embeddable":true,"href":"https:\/\/www.actualidadadiario.com\/index.php\/wp-json\/wp\/v2\/categories?post=3208"},{"taxonomy":"post_tag","embeddable":true,"href":"https:\/\/www.actualidadadiario.com\/index.php\/wp-json\/wp\/v2\/tags?post=3208"}],"curies":[{"name":"wp","href":"https:\/\/api.w.org\/{rel}","templated":true}]}}