{"id":3205,"date":"2016-10-24T10:43:41","date_gmt":"2016-10-24T13:43:41","guid":{"rendered":"http:\/\/actualidadadiario.com\/site\/?p=3205"},"modified":"2016-10-24T10:43:41","modified_gmt":"2016-10-24T13:43:41","slug":"campana-para-que-termine-el-bloqueo-de-estados-unidos-contra-cuba","status":"publish","type":"post","link":"https:\/\/www.actualidadadiario.com\/index.php\/2016\/10\/24\/campana-para-que-termine-el-bloqueo-de-estados-unidos-contra-cuba\/","title":{"rendered":"Campa\u00f1a para que termine el bloqueo de Estados Unidos contra Cuba"},"content":{"rendered":"<p><em><strong>En dos d\u00edas habr\u00e1 una nueva sesi\u00f3n de la ONU en la que el gobierno caribe\u00f1o insistir\u00e1 con sus pedidos de apoyo para que termine el embargo<\/strong><\/em><\/p>\n<p>&nbsp;<\/p>\n<p>&nbsp;<\/p>\n<p>&nbsp;<\/p>\n<p>&nbsp;<\/p>\n<p>Sindicatos, organizaciones sociales y estudiantes participan en Cuba de una campa\u00f1a contra el bloqueo que impuso Estados Unidos sobre la isla caribe\u00f1a hace medio siglo, a dos d\u00edas de una nueva sesi\u00f3n de la ONU en la que el gobierno centroamericano insistir\u00e1 con sus pedidos de apoyo para que termine el embargo.<\/p>\n<p>&nbsp;<\/p>\n<p>La campa\u00f1a incluye la organizaci\u00f3n de actos en los barrios, centros laborales y entidades estudiantiles, adem\u00e1s de la publicaci\u00f3n de art\u00edculos como el que public\u00f3 este domingo en su portada el diario estatal Juventud Rebelde.<\/p>\n<p>&nbsp;<\/p>\n<p>Seg\u00fan el segundo diario en importancia del pa\u00eds caribe\u00f1o, el bloqueo contin\u00faa como la &#8220;guerra econ\u00f3mica m\u00e1s larga de la historia&#8221; y es imposible cuantificar el da\u00f1o que ha causado a los cubanos en los 54 a\u00f1os que lleva en vigor, cit\u00f3 la agencia EFE.<\/p>\n<p>&nbsp;<\/p>\n<p>&#8220;Nadie que viva en tierra cubana y quiera ser feliz en ella escapa de ser v\u00edctima, tenga la edad que tenga, elija la vida que elija. As\u00ed es hace ya m\u00e1s de 50 a\u00f1os, por la clara y profund\u00edsima raz\u00f3n de haber querido ser un pa\u00eds con derrotero propio&#8221;, agrega.<\/p>\n<p>&nbsp;<\/p>\n<p>De acuerdo al art\u00edculo, el embargo estadounidense pretende &#8220;aniquilar el ejemplo humanista de la Revoluci\u00f3n&#8221;.<\/p>\n<p>&nbsp;<\/p>\n<p>Entre las actividades contra el embargo realizadas esta semana figuran el &#8220;Avispero contra el bloqueo&#8221;, una movilizaci\u00f3n en la colina de la Universidad de La Habana, donde cientos de estudiantes accedieron a las redes sociales en un intento por &#8220;viralizar&#8221; la demanda por el cese de esta pol\u00edtica.<\/p>\n<p>&nbsp;<\/p>\n<p>El pr\u00f3ximo mi\u00e9rcoles Cuba someter\u00e1 a votaci\u00f3n ante la Asamblea General de la ONU un proyecto a favor de la eliminaci\u00f3n de esta pol\u00edtica.<\/p>\n<p>&nbsp;<\/p>\n<p>El a\u00f1o pasado, 191 pa\u00edses votaron a favor de la isla y solo Estados Unidos e Israel lo hicieron en contra.<\/p>\n","protected":false},"excerpt":{"rendered":"<p>En dos d\u00edas habr\u00e1 una nueva sesi\u00f3n de la ONU en la que el gobierno caribe\u00f1o insistir\u00e1 con sus pedidos de apoyo para que termine el embargo &nbsp; &nbsp; &nbsp; &nbsp; Sindicatos, organizaciones sociales y estudiantes participan en Cuba de una campa\u00f1a contra el bloqueo que impuso Estados Unidos sobre la isla caribe\u00f1a hace medio siglo, a dos d\u00edas de una nueva sesi\u00f3n de la ONU en la que el gobierno centroamericano insistir\u00e1 con sus pedidos de apoyo para que termine el embargo. &nbsp; La campa\u00f1a incluye la organizaci\u00f3n de&#8230;<\/p>\n","protected":false},"author":3,"featured_media":3206,"comment_status":"closed","ping_status":"closed","sticky":false,"template":"","format":"standard","meta":[],"categories":[4],"tags":[],"_links":{"self":[{"href":"https:\/\/www.actualidadadiario.com\/index.php\/wp-json\/wp\/v2\/posts\/3205"}],"collection":[{"href":"https:\/\/www.actualidadadiario.com\/index.php\/wp-json\/wp\/v2\/posts"}],"about":[{"href":"https:\/\/www.actualidadadiario.com\/index.php\/wp-json\/wp\/v2\/types\/post"}],"author":[{"embeddable":true,"href":"https:\/\/www.actualidadadiario.com\/index.php\/wp-json\/wp\/v2\/users\/3"}],"replies":[{"embeddable":true,"href":"https:\/\/www.actualidadadiario.com\/index.php\/wp-json\/wp\/v2\/comments?post=3205"}],"version-history":[{"count":1,"href":"https:\/\/www.actualidadadiario.com\/index.php\/wp-json\/wp\/v2\/posts\/3205\/revisions"}],"predecessor-version":[{"id":3207,"href":"https:\/\/www.actualidadadiario.com\/index.php\/wp-json\/wp\/v2\/posts\/3205\/revisions\/3207"}],"wp:featuredmedia":[{"embeddable":true,"href":"https:\/\/www.actualidadadiario.com\/index.php\/wp-json\/wp\/v2\/media\/3206"}],"wp:attachment":[{"href":"https:\/\/www.actualidadadiario.com\/index.php\/wp-json\/wp\/v2\/media?parent=3205"}],"wp:term":[{"taxonomy":"category","embeddable":true,"href":"https:\/\/www.actualidadadiario.com\/index.php\/wp-json\/wp\/v2\/categories?post=3205"},{"taxonomy":"post_tag","embeddable":true,"href":"https:\/\/www.actualidadadiario.com\/index.php\/wp-json\/wp\/v2\/tags?post=3205"}],"curies":[{"name":"wp","href":"https:\/\/api.w.org\/{rel}","templated":true}]}}