{"id":3196,"date":"2016-10-24T10:32:02","date_gmt":"2016-10-24T13:32:02","guid":{"rendered":"http:\/\/actualidadadiario.com\/site\/?p=3196"},"modified":"2016-10-24T10:32:02","modified_gmt":"2016-10-24T13:32:02","slug":"advertencia-de-la-cgt-de-ninguna-manera-aceptamos-que-se-pague-el-bono-en-cuotas","status":"publish","type":"post","link":"https:\/\/www.actualidadadiario.com\/index.php\/2016\/10\/24\/advertencia-de-la-cgt-de-ninguna-manera-aceptamos-que-se-pague-el-bono-en-cuotas\/","title":{"rendered":"Advertencia de la CGT: &#8220;De ninguna manera aceptamos que se pague el bono en cuotas&#8221;"},"content":{"rendered":"<p><em><strong>El integrante del triunvirato de la CGT, H\u00e9ctor Daer, afirm\u00f3 que &#8220;de ninguna manera&#8221; la central obrera aceptar\u00e1 que el bono extraordinario de fin de a\u00f1o &#8220;se pague en cuotas&#8221;, ya que &#8220;de eso nunca se habl\u00f3&#8221;, e insisti\u00f3 en que &#8220;hoy los trabajadores est\u00e1n peor que hace un a\u00f1o atr\u00e1s&#8221;<\/strong><\/em><\/p>\n<p>&nbsp;<\/p>\n<p>&nbsp;<\/p>\n<p>&nbsp;<\/p>\n<p>&nbsp;<\/p>\n<p>&nbsp;<\/p>\n<p>&#8220;Nosotros no aceptamos que se pague el bono en cuotas, eso nunca se discuti\u00f3 en la reuni\u00f3n de la Mesa del Di\u00e1logo, por eso me asombran las palabras de (el ministro de Trabajo) Jorge Triaca&#8221;, dijo Daer en declaraciones formuladas esta ma\u00f1ana a radio La Red.<\/p>\n<p>&nbsp;<\/p>\n<p>D\u00edas atr\u00e1s, Triaca plante\u00f3 que los sindicalistas hab\u00edan sido &#8220;comprensivos&#8221; con los empresarios que afirmaban no poder pagar un bono de fin de a\u00f1o, y para que aquellos que &#8220;no lo puedan afrontar en un solo pago lo puedan pagar en dos o tres pagos&#8221;.<\/p>\n<p>&nbsp;<\/p>\n<p>En ese sentido, el dirigente del gremio de la Sanidad destac\u00f3 que desde el sector sindical se propici\u00f3 en esa mesa de di\u00e1logo &#8220;un derecho para todos los trabajadores&#8221;, por lo que &#8220;cada una de las organizaciones sindicales y cada C\u00e1mara empresaria tendr\u00e1 que adecuar para ver si van por arriba con el monto del bono&#8221;, cuyo piso fue fijado en $ 2.000.<\/p>\n<p>&nbsp;<\/p>\n<p>&#8220;Generamos el derecho para que se cobre antes de fin de a\u00f1o un bono de $ 2.000 como base, que se puede incrementar en aquellos lugares u empresas o c\u00e1maras que lo puedan hacer. De lo dem\u00e1s no se habl\u00f3 en absoluto&#8221;, insisti\u00f3 el dirigente y argument\u00f3 que la compensaci\u00f3n extraordinaria &#8220;responde a que en Argentina estamos viviendo en una emergencia social&#8221;.<\/p>\n<p>&nbsp;<\/p>\n<p>&#8220;No es que nosotros queremos frenar o contener la protesta social, lo que pasa es que viene una discusi\u00f3n complicada, estamos en una emergencia social porque cae el empleo en la Argentina&#8221;, remarc\u00f3.<\/p>\n<p>&nbsp;<\/p>\n<p>Por \u00faltimo, y consultado sobre la econom\u00eda y la situaci\u00f3n de los trabajadores a casi un a\u00f1o de la asunci\u00f3n del gobierno de Cambiemos, Daer afirm\u00f3 que &#8220;los trabajadores estamos peor, no tengan dudas&#8221;.<\/p>\n<p>&nbsp;<\/p>\n<p>&#8220;Hubo un ajuste duro; y hay ca\u00edda del poder adquisitivo de los trabajadores. Si aument\u00f3 la pobreza, hay menos trabajadores con empleo, hay enfriamiento del consumo y una brutal ca\u00edda del poder de compra de los trabajadores, obvio que estamos peor que hace un a\u00f1o atr\u00e1s&#8221;, concluy\u00f3.<\/p>\n<p>&nbsp;<\/p>\n<p>Por su parte, el secretario de prensa de la CGT, Jorge Sola, calific\u00f3 de &#8220;insuficientes&#8221; los $ 2.000 de bono de fin de a\u00f1o, y reiter\u00f3 que desde la visi\u00f3n de la central obrera es solo un piso para que cada sector negocie el monto final.<\/p>\n<p>&nbsp;<\/p>\n<p>&#8220;Cada sector de acuerdo a sus circunstancias, recorrer\u00e1 el camino para ver el bono que se aplicar\u00e1 a cada trabajador teniendo como referencia esos $ 2.000 no remunerativos&#8221;, dijo Sola en declaraciones a &#8220;Levantado de Diez&#8221;, programa que se trasmite por Radio 10. En ese sentido, a\u00f1adi\u00f3: &#8220;La situaci\u00f3n es variable y por supuesto que el bono es insuficiente. Es s\u00f3lo una base para tener en cuenta. Son algunas situaciones por las que el mercado est\u00e1 pasando&#8221;.<\/p>\n<p>&nbsp;<\/p>\n<p>Para Sola &#8220;los gremios hemos empezado a reclamar lo que compense la p\u00e9rdida&#8221;. Y consider\u00f3 que &#8220;hay actividad y gremios que est\u00e1n defendiendo palmo a palmo el puesto de trabajo, como el caso de los textiles o el gremio del calzado. Ah\u00ed hay una problem\u00e1tica que tiene que ver con el puesto de trabajo. All\u00ed el bono de $ 2.000 empieza a tener otra resonancia&#8221;.<\/p>\n<p>&nbsp;<\/p>\n<p>&#8220;Falta una herramienta fundamental que es cuando se discute salarios como lo es la previsibilidad. Hasta hace d\u00edas, ni el Gobierno ni los empresarios reconoc\u00edan que el salario hab\u00eda perdido contra la inflaci\u00f3n&#8221;, coment\u00f3 Sola, quien record\u00f3 que &#8220;hay gremios que han cerrado por casi 40% y otros por menos de 35%&#8221;.<\/p>\n","protected":false},"excerpt":{"rendered":"<p>El integrante del triunvirato de la CGT, H\u00e9ctor Daer, afirm\u00f3 que &#8220;de ninguna manera&#8221; la central obrera aceptar\u00e1 que el bono extraordinario de fin de a\u00f1o &#8220;se pague en cuotas&#8221;, ya que &#8220;de eso nunca se habl\u00f3&#8221;, e insisti\u00f3 en que &#8220;hoy los trabajadores est\u00e1n peor que hace un a\u00f1o atr\u00e1s&#8221; &nbsp; &nbsp; &nbsp; &nbsp; &nbsp; &#8220;Nosotros no aceptamos que se pague el bono en cuotas, eso nunca se discuti\u00f3 en la reuni\u00f3n de la Mesa del Di\u00e1logo, por eso me asombran las palabras de (el ministro de Trabajo) Jorge&#8230;<\/p>\n","protected":false},"author":3,"featured_media":3197,"comment_status":"closed","ping_status":"closed","sticky":false,"template":"","format":"standard","meta":[],"categories":[18],"tags":[],"_links":{"self":[{"href":"https:\/\/www.actualidadadiario.com\/index.php\/wp-json\/wp\/v2\/posts\/3196"}],"collection":[{"href":"https:\/\/www.actualidadadiario.com\/index.php\/wp-json\/wp\/v2\/posts"}],"about":[{"href":"https:\/\/www.actualidadadiario.com\/index.php\/wp-json\/wp\/v2\/types\/post"}],"author":[{"embeddable":true,"href":"https:\/\/www.actualidadadiario.com\/index.php\/wp-json\/wp\/v2\/users\/3"}],"replies":[{"embeddable":true,"href":"https:\/\/www.actualidadadiario.com\/index.php\/wp-json\/wp\/v2\/comments?post=3196"}],"version-history":[{"count":1,"href":"https:\/\/www.actualidadadiario.com\/index.php\/wp-json\/wp\/v2\/posts\/3196\/revisions"}],"predecessor-version":[{"id":3198,"href":"https:\/\/www.actualidadadiario.com\/index.php\/wp-json\/wp\/v2\/posts\/3196\/revisions\/3198"}],"wp:featuredmedia":[{"embeddable":true,"href":"https:\/\/www.actualidadadiario.com\/index.php\/wp-json\/wp\/v2\/media\/3197"}],"wp:attachment":[{"href":"https:\/\/www.actualidadadiario.com\/index.php\/wp-json\/wp\/v2\/media?parent=3196"}],"wp:term":[{"taxonomy":"category","embeddable":true,"href":"https:\/\/www.actualidadadiario.com\/index.php\/wp-json\/wp\/v2\/categories?post=3196"},{"taxonomy":"post_tag","embeddable":true,"href":"https:\/\/www.actualidadadiario.com\/index.php\/wp-json\/wp\/v2\/tags?post=3196"}],"curies":[{"name":"wp","href":"https:\/\/api.w.org\/{rel}","templated":true}]}}