{"id":3193,"date":"2016-10-24T10:31:12","date_gmt":"2016-10-24T13:31:12","guid":{"rendered":"http:\/\/actualidadadiario.com\/site\/?p=3193"},"modified":"2016-10-24T10:31:12","modified_gmt":"2016-10-24T13:31:12","slug":"durisima-columna-de-paenza-contra-macri-y-baranao-a-este-modelo-de-pais-no-le-hace-falta-la-ciencia-argentina","status":"publish","type":"post","link":"https:\/\/www.actualidadadiario.com\/index.php\/2016\/10\/24\/durisima-columna-de-paenza-contra-macri-y-baranao-a-este-modelo-de-pais-no-le-hace-falta-la-ciencia-argentina\/","title":{"rendered":"Dur\u00edsima columna de Paenza contra Macri y Bara\u00f1ao: &#8220;A este modelo de pa\u00eds no le hace falta la ciencia argentina&#8221;"},"content":{"rendered":"<p><em><strong>El cient\u00edfico y periodista critic\u00f3 la baja en el presupuesto para esa \u00e1rea.- &#8220;Piensan comprar afuera, alquilar los servicios que podr\u00edamos ofrecer nosotros, endeudarse en lugar de invertir&#8221;, manifest\u00f3<\/strong><\/em><\/p>\n<p>&nbsp;<\/p>\n<p>&nbsp;<\/p>\n<p>&nbsp;<\/p>\n<p>&nbsp;<\/p>\n<p>&nbsp;<\/p>\n<p>En una columna en el diario P\u00e1gina 12, el cient\u00edfico y periodista Adri\u00e1n Paenza critic\u00f3 duramente al Presidente y a su ministro de Ciencia, Lino Bara\u00f1ao, por la fuerte reducci\u00f3n del presupuesto en esa \u00e1rea.<\/p>\n<p>&nbsp;<\/p>\n<p>&#8220;El problema es que a este modelo de pa\u00eds no le hace falta la ciencia o, mejor dicho, no le hace falta la ciencia argentina, porque est\u00e1 pensando en comprar afuera, en alquilar los servicios que podr\u00edamos ofrecer nosotros, en la supuesta libre competencia en donde \u2013inexorablemente\u2013 perdemos por goleada, en el endeudamiento en lugar de la inversi\u00f3n en el pa\u00eds&#8221;, afirm\u00f3 Paenza.<\/p>\n<p>&nbsp;<\/p>\n<p>Y agreg\u00f3 en tono cr\u00edtico contra la actual gesti\u00f3n: &#8220;Ahora, todo cambi\u00f3. Hoy, los cient\u00edficos repatriados est\u00e1n preocupados porque tomaron decisiones de vida que no saben si ser\u00e1n sustentables. Hoy, quienes tienen proyectos a mediano y largo plazo, no saben si los van a poder terminar. Hoy, los protagonistas del proyecto de pa\u00eds que inclu\u00eda, entre otros, sat\u00e9lites argentinos, aceleradores, robots, semillas, medicamentos, vacunas&#8230; no saben qu\u00e9 es lo que va a suceder con ellos&#8221;.<\/p>\n<p>&nbsp;<\/p>\n<p>Adem\u00e1s, habl\u00f3 espec\u00edficamente del conflicto en la baja del presupuesto: &#8220;Hacer pol\u00edtica es establecer una tabla de prioridades. La cantidad de dinero no es infinita. No es posible atender todas las necesidades de todos. Pero decidir en d\u00f3nde se pone el acento implica apuntar a lo nacional o lo importado, a lo propio o a lo ajeno, a la defensa de todos o a la de algunos pocos, a que &#8220;pobres hubo siempre&#8221;, a que &#8220;para qu\u00e9 queremos tantas universidades&#8221;, el Conicet es inviable, a decir que llevar\u00edan el porcentaje del PBI dedicado a Ciencia y T\u00e9cnica al 1,5 por ciento pero ante la primera oportunidad que tienen, reducirlo respecto del que hubo \u00a1el a\u00f1o pasado!&#8221;<\/p>\n<p>&nbsp;<\/p>\n<p>Paenza cont\u00f3 las medidas que tomar\u00e1n los cient\u00edficos de ejecutarse el plan del macrismo. &#8220;En nuestro pa\u00eds, no hay ning\u00fan segmento que est\u00e9 m\u00e1s organizado y m\u00e1s preparado que los estudiantes de todos los niveles y la comunidad cient\u00edfica para defender el terreno ganado. Tenemos una historia y una tradici\u00f3n en defender la educaci\u00f3n p\u00fablica, laica y obligatoria, y esa es una l\u00ednea que no van a poder mover&#8221;.<\/p>\n<p>&nbsp;<\/p>\n<p>Y cerr\u00f3: &#8220;Mientras tanto, mientras el presupuesto se debate en el Congreso, el ministro del \u00e1rea y el presidente del Conicet est\u00e1n en Europa. Interesante forma de ponerse al frente de la defensa de lo que tanto nos cost\u00f3 construir. Nosotros, en cambio, estaremos todos reunidos el pr\u00f3ximo jueves 27, a las 4 de la tarde, justamente enfrente del mismo Congreso para recordarles a quienes deciden que el pa\u00eds no puede permitirse el lujo de ir hacia atr\u00e1s. Ni un cient\u00edfico menos, ni un proyecto menos. M\u00e1s becarios, m\u00e1s presupuesto&#8230; \u00bfUno y medio por ciento dijo?&#8221;.<\/p>\n","protected":false},"excerpt":{"rendered":"<p>El cient\u00edfico y periodista critic\u00f3 la baja en el presupuesto para esa \u00e1rea.- &#8220;Piensan comprar afuera, alquilar los servicios que podr\u00edamos ofrecer nosotros, endeudarse en lugar de invertir&#8221;, manifest\u00f3 &nbsp; &nbsp; &nbsp; &nbsp; &nbsp; En una columna en el diario P\u00e1gina 12, el cient\u00edfico y periodista Adri\u00e1n Paenza critic\u00f3 duramente al Presidente y a su ministro de Ciencia, Lino Bara\u00f1ao, por la fuerte reducci\u00f3n del presupuesto en esa \u00e1rea. &nbsp; &#8220;El problema es que a este modelo de pa\u00eds no le hace falta la ciencia o, mejor dicho, no le&#8230;<\/p>\n","protected":false},"author":3,"featured_media":3194,"comment_status":"closed","ping_status":"closed","sticky":false,"template":"","format":"standard","meta":[],"categories":[18],"tags":[],"_links":{"self":[{"href":"https:\/\/www.actualidadadiario.com\/index.php\/wp-json\/wp\/v2\/posts\/3193"}],"collection":[{"href":"https:\/\/www.actualidadadiario.com\/index.php\/wp-json\/wp\/v2\/posts"}],"about":[{"href":"https:\/\/www.actualidadadiario.com\/index.php\/wp-json\/wp\/v2\/types\/post"}],"author":[{"embeddable":true,"href":"https:\/\/www.actualidadadiario.com\/index.php\/wp-json\/wp\/v2\/users\/3"}],"replies":[{"embeddable":true,"href":"https:\/\/www.actualidadadiario.com\/index.php\/wp-json\/wp\/v2\/comments?post=3193"}],"version-history":[{"count":1,"href":"https:\/\/www.actualidadadiario.com\/index.php\/wp-json\/wp\/v2\/posts\/3193\/revisions"}],"predecessor-version":[{"id":3195,"href":"https:\/\/www.actualidadadiario.com\/index.php\/wp-json\/wp\/v2\/posts\/3193\/revisions\/3195"}],"wp:featuredmedia":[{"embeddable":true,"href":"https:\/\/www.actualidadadiario.com\/index.php\/wp-json\/wp\/v2\/media\/3194"}],"wp:attachment":[{"href":"https:\/\/www.actualidadadiario.com\/index.php\/wp-json\/wp\/v2\/media?parent=3193"}],"wp:term":[{"taxonomy":"category","embeddable":true,"href":"https:\/\/www.actualidadadiario.com\/index.php\/wp-json\/wp\/v2\/categories?post=3193"},{"taxonomy":"post_tag","embeddable":true,"href":"https:\/\/www.actualidadadiario.com\/index.php\/wp-json\/wp\/v2\/tags?post=3193"}],"curies":[{"name":"wp","href":"https:\/\/api.w.org\/{rel}","templated":true}]}}