{"id":3187,"date":"2016-10-24T10:11:41","date_gmt":"2016-10-24T13:11:41","guid":{"rendered":"http:\/\/actualidadadiario.com\/site\/?p=3187"},"modified":"2016-10-24T10:11:41","modified_gmt":"2016-10-24T13:11:41","slug":"empresarios-turisticos-de-la-region-saldran-a-defender-los-feriados-puentes","status":"publish","type":"post","link":"https:\/\/www.actualidadadiario.com\/index.php\/2016\/10\/24\/empresarios-turisticos-de-la-region-saldran-a-defender-los-feriados-puentes\/","title":{"rendered":"Empresarios tur\u00edsticos de la regi\u00f3n saldr\u00e1n &#8220;a defender los feriados puentes\u201d"},"content":{"rendered":"<p><em><strong>\u201cEstamos organizando como salir a defender esto, porque nos parece que se pone a la educaci\u00f3n como excusa, pero de trasfondo hay otra cosa\u201d, explic\u00f3 Mar\u00eda Isabel Mover, desde la Asociaci\u00f3n Hotelera y Gastron\u00f3mica de Concordia<\/strong><\/em><\/p>\n<p>&nbsp;<\/p>\n<p>&nbsp;<\/p>\n<p>&nbsp;<\/p>\n<p>&nbsp;<\/p>\n<p>&nbsp;<\/p>\n<p>La dirigente se mostr\u00f3 preocupada ante la nueva ola de rumores tendientes a abolir la pol\u00edtica nacional de \u201cferiados puentes\u201d. Algo que traer\u00eda aparejada una baja considerable de la actividad en la regi\u00f3n; justo ahora, que parec\u00eda asomarse un repunte.<\/p>\n<p>&nbsp;<\/p>\n<p>\u201cA lo mejor no se entiende todo lo que genera el turismo en el interior\u201d, coment\u00f3 la dirigente<\/p>\n<p>&nbsp;<\/p>\n<p>&nbsp;<\/p>\n<p>&nbsp;<\/p>\n<p>&nbsp;<\/p>\n<p><strong>Turismo versus Educaci\u00f3n<\/strong><\/p>\n<p>Vale recordar que la pol\u00e9mica medida fue argumentada en su momento, hasta por el propio presidente Mauricio Macri, tendiente a cumplir con los 190 d\u00edas de clases para el ciclo lectivo 2017. Al menos, eso fue lo que puso como justificativo.<\/p>\n<p>&nbsp;<\/p>\n<p>\u201cLa educaci\u00f3n tiene que pasar por otro estadio del gobierno\u201d, razon\u00f3 Mover. Al tiempo que afirm\u00f3 que \u201cel desconocer la l\u00ednea de trabajo de la gastronom\u00eda y la hoteler\u00eda en el pa\u00eds, por parte de esta gente, hace que se tomen en consideraci\u00f3n este tipo de ideas\u201d.<\/p>\n<p>&nbsp;<\/p>\n<p>&nbsp;<\/p>\n<p>&nbsp;<\/p>\n<p><strong>Lobby<\/strong><\/p>\n<p>Consultada acerca de qui\u00e9n o qui\u00e9nes ser\u00edan los beneficiados por el cambio de pol\u00edtica tur\u00edstica, la dirigente local especul\u00f3 con que \u201cser\u00edan, por ah\u00ed, la gente de Capital Federal\u201d.<\/p>\n<p>&nbsp;<\/p>\n<p>\u201cPero en el Consejo de la Federaci\u00f3n Empresaria Hotelera Gastron\u00f3mica de la Rep\u00fablica Argentina (FEHGRA) son 250 miembros de todo el pa\u00eds\u201d, detall\u00f3. Explicando que de esa manera \u201ctodas las regiones est\u00e1n representadas y terminan volteando este tipo de medidas\u201d.<\/p>\n<p>&nbsp;<\/p>\n<p>Al parecer, la verdadera raz\u00f3n habr\u00eda que buscarla por otro lado. El punto ser\u00eda que los \u201cferiados puentes\u201d, distribuyen un poco m\u00e1s equitativamente el nivel de alojamiento concentrado en los grandes urbanos. Mover, incluso, desliz\u00f3 que la medida responder\u00eda a un lobby continuo de las grandes cadenas de hoteles, con sede en la Ciudad Aut\u00f3noma de Buenos, Aires. \u201cEs posible\u201d, afirm\u00f3.<\/p>\n<p>&nbsp;<\/p>\n<p>Por \u00faltimo, la dirigente se esperanz\u00f3 en que los rumores \u201cse puedan revertir, y as\u00ed concientizar que si se concreta, se va a tomar una medida equivocada\u201d.<\/p>\n","protected":false},"excerpt":{"rendered":"<p>\u201cEstamos organizando como salir a defender esto, porque nos parece que se pone a la educaci\u00f3n como excusa, pero de trasfondo hay otra cosa\u201d, explic\u00f3 Mar\u00eda Isabel Mover, desde la Asociaci\u00f3n Hotelera y Gastron\u00f3mica de Concordia &nbsp; &nbsp; &nbsp; &nbsp; &nbsp; La dirigente se mostr\u00f3 preocupada ante la nueva ola de rumores tendientes a abolir la pol\u00edtica nacional de \u201cferiados puentes\u201d. Algo que traer\u00eda aparejada una baja considerable de la actividad en la regi\u00f3n; justo ahora, que parec\u00eda asomarse un repunte. &nbsp; \u201cA lo mejor no se entiende todo lo&#8230;<\/p>\n","protected":false},"author":3,"featured_media":3188,"comment_status":"closed","ping_status":"closed","sticky":false,"template":"","format":"standard","meta":[],"categories":[15],"tags":[],"_links":{"self":[{"href":"https:\/\/www.actualidadadiario.com\/index.php\/wp-json\/wp\/v2\/posts\/3187"}],"collection":[{"href":"https:\/\/www.actualidadadiario.com\/index.php\/wp-json\/wp\/v2\/posts"}],"about":[{"href":"https:\/\/www.actualidadadiario.com\/index.php\/wp-json\/wp\/v2\/types\/post"}],"author":[{"embeddable":true,"href":"https:\/\/www.actualidadadiario.com\/index.php\/wp-json\/wp\/v2\/users\/3"}],"replies":[{"embeddable":true,"href":"https:\/\/www.actualidadadiario.com\/index.php\/wp-json\/wp\/v2\/comments?post=3187"}],"version-history":[{"count":1,"href":"https:\/\/www.actualidadadiario.com\/index.php\/wp-json\/wp\/v2\/posts\/3187\/revisions"}],"predecessor-version":[{"id":3189,"href":"https:\/\/www.actualidadadiario.com\/index.php\/wp-json\/wp\/v2\/posts\/3187\/revisions\/3189"}],"wp:featuredmedia":[{"embeddable":true,"href":"https:\/\/www.actualidadadiario.com\/index.php\/wp-json\/wp\/v2\/media\/3188"}],"wp:attachment":[{"href":"https:\/\/www.actualidadadiario.com\/index.php\/wp-json\/wp\/v2\/media?parent=3187"}],"wp:term":[{"taxonomy":"category","embeddable":true,"href":"https:\/\/www.actualidadadiario.com\/index.php\/wp-json\/wp\/v2\/categories?post=3187"},{"taxonomy":"post_tag","embeddable":true,"href":"https:\/\/www.actualidadadiario.com\/index.php\/wp-json\/wp\/v2\/tags?post=3187"}],"curies":[{"name":"wp","href":"https:\/\/api.w.org\/{rel}","templated":true}]}}