{"id":3181,"date":"2016-10-24T10:10:06","date_gmt":"2016-10-24T13:10:06","guid":{"rendered":"http:\/\/actualidadadiario.com\/site\/?p=3181"},"modified":"2016-10-24T10:10:06","modified_gmt":"2016-10-24T13:10:06","slug":"hay-alerta-por-tormentas-fuertes-para-el-norte-de-entre-rios-y-otras-provincias","status":"publish","type":"post","link":"https:\/\/www.actualidadadiario.com\/index.php\/2016\/10\/24\/hay-alerta-por-tormentas-fuertes-para-el-norte-de-entre-rios-y-otras-provincias\/","title":{"rendered":"Hay alerta por tormentas fuertes para el norte de Entre R\u00edos y otras provincias"},"content":{"rendered":"<p><em><strong>Se prev\u00e9n &#8220;\u00e1reas de lluvias y tormentas, algunas localmente fuertes. Las mismas estar\u00e1n acompa\u00f1adas de fuertes r\u00e1fagas, ocasional granizo y abundante ca\u00edda de agua en cortos per\u00edodos&#8221;, indica el Servicio Meteorol\u00f3gico Nacional<\/strong><\/em><\/p>\n<p>&nbsp;<\/p>\n<p>&nbsp;<\/p>\n<p>&nbsp;<\/p>\n<p>&nbsp;<\/p>\n<p>&nbsp;<\/p>\n<p>El Servicio Meteorol\u00f3gico Nacional (SMN) emiti\u00f3 a las 6.30 de este lunes un alerta por tormentas fuertes que alcanza al norte de Entre R\u00edos.<\/p>\n<p>&nbsp;<\/p>\n<p>El aviso, que rige hasta las 12.30, tambi\u00e9n alcanza C\u00f3rdoba, el este de Catamarca, Chaco, Corrientes, norte de Entre R\u00edos, Formosa, norte de San Luis, centro y norte de Santa Fe, Santiago del Estero y Tucum\u00e1n.<\/p>\n<p>&nbsp;<\/p>\n<p>&#8220;Se prev\u00e9 que se generen \u00e1reas de lluvias y tormentas, algunas localmente fuertes. Las mismas estar\u00e1n acompa\u00f1adas de fuertes r\u00e1fagas, ocasional ca\u00edda de granizo y abundante ca\u00edda de agua en cortos per\u00edodos&#8221;, indica el informe.<\/p>\n<p>&nbsp;<\/p>\n<p>Advierte que las condiciones de inestabilidad en la regi\u00f3n se mantendr\u00e1n hasta la noche del martes 25 con mejoramientos temporarios.<\/p>\n","protected":false},"excerpt":{"rendered":"<p>Se prev\u00e9n &#8220;\u00e1reas de lluvias y tormentas, algunas localmente fuertes. Las mismas estar\u00e1n acompa\u00f1adas de fuertes r\u00e1fagas, ocasional granizo y abundante ca\u00edda de agua en cortos per\u00edodos&#8221;, indica el Servicio Meteorol\u00f3gico Nacional &nbsp; &nbsp; &nbsp; &nbsp; &nbsp; El Servicio Meteorol\u00f3gico Nacional (SMN) emiti\u00f3 a las 6.30 de este lunes un alerta por tormentas fuertes que alcanza al norte de Entre R\u00edos. &nbsp; El aviso, que rige hasta las 12.30, tambi\u00e9n alcanza C\u00f3rdoba, el este de Catamarca, Chaco, Corrientes, norte de Entre R\u00edos, Formosa, norte de San Luis, centro y norte&#8230;<\/p>\n","protected":false},"author":3,"featured_media":3182,"comment_status":"closed","ping_status":"closed","sticky":false,"template":"","format":"standard","meta":[],"categories":[4],"tags":[],"_links":{"self":[{"href":"https:\/\/www.actualidadadiario.com\/index.php\/wp-json\/wp\/v2\/posts\/3181"}],"collection":[{"href":"https:\/\/www.actualidadadiario.com\/index.php\/wp-json\/wp\/v2\/posts"}],"about":[{"href":"https:\/\/www.actualidadadiario.com\/index.php\/wp-json\/wp\/v2\/types\/post"}],"author":[{"embeddable":true,"href":"https:\/\/www.actualidadadiario.com\/index.php\/wp-json\/wp\/v2\/users\/3"}],"replies":[{"embeddable":true,"href":"https:\/\/www.actualidadadiario.com\/index.php\/wp-json\/wp\/v2\/comments?post=3181"}],"version-history":[{"count":1,"href":"https:\/\/www.actualidadadiario.com\/index.php\/wp-json\/wp\/v2\/posts\/3181\/revisions"}],"predecessor-version":[{"id":3183,"href":"https:\/\/www.actualidadadiario.com\/index.php\/wp-json\/wp\/v2\/posts\/3181\/revisions\/3183"}],"wp:featuredmedia":[{"embeddable":true,"href":"https:\/\/www.actualidadadiario.com\/index.php\/wp-json\/wp\/v2\/media\/3182"}],"wp:attachment":[{"href":"https:\/\/www.actualidadadiario.com\/index.php\/wp-json\/wp\/v2\/media?parent=3181"}],"wp:term":[{"taxonomy":"category","embeddable":true,"href":"https:\/\/www.actualidadadiario.com\/index.php\/wp-json\/wp\/v2\/categories?post=3181"},{"taxonomy":"post_tag","embeddable":true,"href":"https:\/\/www.actualidadadiario.com\/index.php\/wp-json\/wp\/v2\/tags?post=3181"}],"curies":[{"name":"wp","href":"https:\/\/api.w.org\/{rel}","templated":true}]}}