{"id":3178,"date":"2016-10-24T10:09:13","date_gmt":"2016-10-24T13:09:13","guid":{"rendered":"http:\/\/actualidadadiario.com\/site\/?p=3178"},"modified":"2016-10-24T10:09:13","modified_gmt":"2016-10-24T13:09:13","slug":"la-muestra-itinerante-de-eva-peron-llega-a-entre-rios","status":"publish","type":"post","link":"https:\/\/www.actualidadadiario.com\/index.php\/2016\/10\/24\/la-muestra-itinerante-de-eva-peron-llega-a-entre-rios\/","title":{"rendered":"La muestra itinerante de Eva Per\u00f3n llega a Entre R\u00edos"},"content":{"rendered":"<p><em><strong>La exposici\u00f3n itinerante Evita Marcha tendr\u00e1 como primer destino Entre R\u00edos. Del 7 al 21 de noviembre las gigantograf\u00edas y objetos museol\u00f3gicos de las distintas colecciones que se encuentran en el Museo Evita en Buenos Aires, se exhibir\u00e1n en el Museo de Casa de Gobierno. La muestra se realiza en el marco de los 65 a\u00f1os del voto femenino en el pa\u00eds, que se recuerda el 11 de noviembre<\/strong><\/em><\/p>\n<p>&nbsp;<\/p>\n<p>&nbsp;<\/p>\n<p>&nbsp;<\/p>\n<p>&nbsp;<\/p>\n<p>&nbsp;<\/p>\n<p>Replicando las experiencias de distintas exposiciones en distintos lugares del mundo, el Museo Evita presenta una nueva muestra que recorrer\u00e1 el pa\u00eds y su primer destino es Entre R\u00edos. El gobierno entrerriano junto al Instituto Nacional de Investigaciones Hist\u00f3ricas Eva Per\u00f3n presentar\u00e1n la muestra Evita Marcha en la Casa de Gobierno.<\/p>\n<p>&nbsp;<\/p>\n<p>Evita Marcha es un exposici\u00f3n itinerante del Museo Evita que permite disfrutar en todo el pa\u00eds los aspectos m\u00e1s significativos de la vida de una de las mujeres m\u00e1s importante de la historia argentina.<\/p>\n<p>&nbsp;<\/p>\n<p>La exposici\u00f3n cuenta la historia a trav\u00e9s de gigantograf\u00edas y objetos museol\u00f3gicos de las distintas colecciones que se encuentran en el Museo Evita que se encuentra en el barrio de Palermo de la Ciudad de Buenos Aires.<\/p>\n<p>&nbsp;<\/p>\n<p>La iniciativa se enmarca en las gestiones que viene haciendo el gobierno entrerriano para recuperar documentaci\u00f3n, piezas y elementos hist\u00f3ricos vinculados a las cuatro veces que Evita visit\u00f3 nuestra provincia.<\/p>\n<p>&nbsp;<\/p>\n<p>El objetivo es ofrecer a los entrerrianos una muestra que incluye distintas etapas de la vida de Eva Duarte de Per\u00f3n y de la \u00e9poca en la que se consolidaron los derechos pol\u00edticos de las mujeres.<\/p>\n<p>&nbsp;<\/p>\n<p>La inauguraci\u00f3n oficial de la muestra se realizar\u00e1 el 7 de noviembre, a las 10, con la presencia del gobernador Gustavo Bordet; Cristina \u00c1lvarez Rodr\u00edguez, diputada nacional y presidenta (ad honorem) del Instituto Nacional Eva Per\u00f3n \u2013 Museo Evita; y funcionarios del gobierno entrerriano. Por la tarde, a partir de las 17, Cristina \u00c1lvarez Rodr\u00edguez junto a la esposa del gobernador, Mariel \u00c1vila, y mujeres invitadas recorrer\u00e1n la exposici\u00f3n.<\/p>\n<p>&nbsp;<\/p>\n<p>La muestra estar\u00e1 abierta al p\u00fablico del 8 al 21 de noviembre, de lunes a viernes, de 9 a 18. Los s\u00e1bados de 9 a 12 y de 17 a 20, y los domingos de 17 a 20.<\/p>\n<p>&nbsp;<\/p>\n<p>&nbsp;<\/p>\n<p>&nbsp;<\/p>\n<p><strong>Objetos que se expondr\u00e1n <\/strong><\/p>\n<p>En la muestra que estar\u00e1 en el Museo de Casa de Gobierno se exhibir\u00e1n vestidos, accesorios y calzados que pertenecieron a Evita, como as\u00ed tambi\u00e9n objetos con gran carga simb\u00f3lica y que marcaron la historia de los argentinos como una revista de 10 p\u00e1ginas cuya portada anunciaba \u201cLa mujer ya puede votar\u201d, juguetes que se entregaban a los ni\u00f1os en el D\u00eda de Reyes en la Fundaci\u00f3n de Ayuda Social Mar\u00eda Eva Duarte de Per\u00f3n; medallas con la cara de Evita tallada que se entregaba como premio est\u00edmulo al esfuerzo infantil; entre otros.<\/p>\n<p>&nbsp;<\/p>\n<p>&nbsp;<\/p>\n<p>&nbsp;<\/p>\n<p>&nbsp;<\/p>\n<p><strong>Derechos conquistados <\/strong><\/p>\n<p>La ley que consagr\u00f3 el voto femenino llev\u00f3 el n\u00famero 13.010. Entre su articulado establec\u00eda que \u201clas mujeres argentinas tendr\u00e1n los mismos derechos pol\u00edticos y estar\u00e1n sujetas a las mismas obligaciones que les acuerdan o imponen las leyes a los varones argentinos\u201d.<\/p>\n<p>&nbsp;<\/p>\n<p>La norma se promulg\u00f3 un 23 de septiembre de 1947. Ese d\u00eda, y desde los balcones de la Casa Rosada, Eva Per\u00f3n afirmaba: \u201cAqu\u00ed est\u00e1, hermanas m\u00edas, resumida en la letra apretada de pocos art\u00edculos, una historia larga de luchas, tropiezos y esperanzas. Por eso hay en ella crispaci\u00f3n de indignaci\u00f3n, sombra de ataques amenazadores pero tambi\u00e9n el alegre despertar de auroras triunfales. Y eso \u00faltimo se traduce en la victoria de la mujer sobre las incomprensiones, las negaciones y los intereses creados de las castas repudiadas por nuestro despertar nacional\u201d.<\/p>\n<p>&nbsp;<\/p>\n<p>&nbsp;<\/p>\n<p>&nbsp;<\/p>\n<p>&nbsp;<\/p>\n<p>&nbsp;<\/p>\n<p><strong>Evita en Paran\u00e1 <\/strong><\/p>\n<p>Evita visit\u00f3 cuatro veces Paran\u00e1. La primera cuando ten\u00eda apenas 19 a\u00f1os, en 1936, como actriz en la obra de teatro \u201cEl Beso Mortal\u201d, que se represent\u00f3 en el Teatro Municipal 3 de Febrero. 10 a\u00f1os despu\u00e9s, en 1946 acompa\u00f1\u00f3 al entonces candidato a presidente por el Partido Laboral, Juan Per\u00f3n, en su campa\u00f1a presidencial. Adem\u00e1s, en marzo de 1950 visit\u00f3 la ciudad en el marco del inicio de la obra de construcci\u00f3n de la Escuela Hogar que lleva su nombre, donde puso la piedra fundamental. Por \u00faltimo, en mayo de ese mismo a\u00f1o, acompa\u00f1\u00f3 al presidente Juan Per\u00f3n al acto de toma de posesi\u00f3n del cargo de gobernador de Ram\u00f3n Albari\u00f1os.<\/p>\n","protected":false},"excerpt":{"rendered":"<p>La exposici\u00f3n itinerante Evita Marcha tendr\u00e1 como primer destino Entre R\u00edos. Del 7 al 21 de noviembre las gigantograf\u00edas y objetos museol\u00f3gicos de las distintas colecciones que se encuentran en el Museo Evita en Buenos Aires, se exhibir\u00e1n en el Museo de Casa de Gobierno. La muestra se realiza en el marco de los 65 a\u00f1os del voto femenino en el pa\u00eds, que se recuerda el 11 de noviembre &nbsp; &nbsp; &nbsp; &nbsp; &nbsp; Replicando las experiencias de distintas exposiciones en distintos lugares del mundo, el Museo Evita presenta una&#8230;<\/p>\n","protected":false},"author":3,"featured_media":3179,"comment_status":"closed","ping_status":"closed","sticky":false,"template":"","format":"standard","meta":[],"categories":[15],"tags":[],"_links":{"self":[{"href":"https:\/\/www.actualidadadiario.com\/index.php\/wp-json\/wp\/v2\/posts\/3178"}],"collection":[{"href":"https:\/\/www.actualidadadiario.com\/index.php\/wp-json\/wp\/v2\/posts"}],"about":[{"href":"https:\/\/www.actualidadadiario.com\/index.php\/wp-json\/wp\/v2\/types\/post"}],"author":[{"embeddable":true,"href":"https:\/\/www.actualidadadiario.com\/index.php\/wp-json\/wp\/v2\/users\/3"}],"replies":[{"embeddable":true,"href":"https:\/\/www.actualidadadiario.com\/index.php\/wp-json\/wp\/v2\/comments?post=3178"}],"version-history":[{"count":1,"href":"https:\/\/www.actualidadadiario.com\/index.php\/wp-json\/wp\/v2\/posts\/3178\/revisions"}],"predecessor-version":[{"id":3180,"href":"https:\/\/www.actualidadadiario.com\/index.php\/wp-json\/wp\/v2\/posts\/3178\/revisions\/3180"}],"wp:featuredmedia":[{"embeddable":true,"href":"https:\/\/www.actualidadadiario.com\/index.php\/wp-json\/wp\/v2\/media\/3179"}],"wp:attachment":[{"href":"https:\/\/www.actualidadadiario.com\/index.php\/wp-json\/wp\/v2\/media?parent=3178"}],"wp:term":[{"taxonomy":"category","embeddable":true,"href":"https:\/\/www.actualidadadiario.com\/index.php\/wp-json\/wp\/v2\/categories?post=3178"},{"taxonomy":"post_tag","embeddable":true,"href":"https:\/\/www.actualidadadiario.com\/index.php\/wp-json\/wp\/v2\/tags?post=3178"}],"curies":[{"name":"wp","href":"https:\/\/api.w.org\/{rel}","templated":true}]}}