{"id":3172,"date":"2016-10-24T10:06:44","date_gmt":"2016-10-24T13:06:44","guid":{"rendered":"http:\/\/actualidadadiario.com\/site\/?p=3172"},"modified":"2016-10-24T10:06:44","modified_gmt":"2016-10-24T13:06:44","slug":"la-provincia-subsidiara-la-tarifa-electrica-a-sectores-productivos","status":"publish","type":"post","link":"https:\/\/www.actualidadadiario.com\/index.php\/2016\/10\/24\/la-provincia-subsidiara-la-tarifa-electrica-a-sectores-productivos\/","title":{"rendered":"La provincia subsidiar\u00e1 la tarifa el\u00e9ctrica a sectores productivos"},"content":{"rendered":"<p><em><strong>El gobierno entrerriano subsidiar\u00e1 parte de los costos del nuevo esquema tarifario del servicio de energ\u00eda el\u00e9ctrica a empresas productivas. As\u00ed qued\u00f3 establecido luego de que el ministro de Producci\u00f3n, Carlos Schepens, y el secretario de Energ\u00eda, Ra\u00fal Arroyo, firmaron la adhesi\u00f3n a la convocatoria efectuada por el gobierno nacional por la cual se brinda una ayuda econ\u00f3mica a sectores productivos de las distintas econom\u00edas regionales. El Estado provincial ya viene subsidiando a los sectores industriales y a un amplio espectro de beneficiarios con importes anuales que superan los 30 millones de pesos<\/strong><\/em><\/p>\n<p>&nbsp;<\/p>\n<p>&nbsp;<\/p>\n<p>&nbsp;<\/p>\n<p>&nbsp;<\/p>\n<p>&nbsp;<\/p>\n<p>&nbsp;<\/p>\n<p>La decisi\u00f3n se fundamenta en que muchos sectores productivos de las distintas econom\u00edas regionales hab\u00edan expresado la necesidad de contar con alguna herramienta de ayuda econ\u00f3mica que le permita afrontar los costos del servicio de energ\u00eda el\u00e9ctrica entre el 1\u00ba de Julio y 31 de Diciembre de 2016 como consecuencia de las nuevas condiciones tarifarias,<\/p>\n<p>&nbsp;<\/p>\n<p>Esto implica que la provincia sumar\u00e1 un aporte de 2.489.861 pesos, de los fondos espec\u00edficos del Fondo de Desarrollo Energ\u00e9tico de Entre R\u00edos, para bonificar las tarifas de consumo de electricidad para usuarios identificados dentro de actividades productivas, que incluye el consumo comercial, industrial, el destinado a riego y el de establecimientos rurales. Paralelamente, Naci\u00f3n se compromete a aportar 4, 9 millones de pesos.<\/p>\n<p>&nbsp;<\/p>\n<p>En la misma Resoluci\u00f3n, se establece que la Secretar\u00eda de Energ\u00eda de Entre R\u00edos ser\u00e1 el \u00e1mbito de aplicaci\u00f3n de dicha asistencia, a trav\u00e9s de la transferencia de fondos aportados por parte de la Naci\u00f3n, y conforme al detalle de beneficiarios, compuesto por empresas productivas y productores arroceros que posean suministro el\u00e9ctrico para sistemas de bombeos en sus unidades de explotaci\u00f3n. Tambi\u00e9n se explicita la forma de rendici\u00f3n de cuentas por la aplicaci\u00f3n de tales fondos.<\/p>\n<p>&nbsp;<\/p>\n<p>Es de destacar que el gobierno provincial viene subsidiando a los sectores industriales y a un amplio espectro de beneficiarios con importes anuales que superan los 30 millones.<\/p>\n<p>&nbsp;<\/p>\n<p>La asistencia financiera ser\u00e1 llevada a cabo por la Secretaria de Energ\u00eda y lo implementar\u00e1 con el listado de beneficiarios que elabore el Ministerio de la Producci\u00f3n.<\/p>\n","protected":false},"excerpt":{"rendered":"<p>El gobierno entrerriano subsidiar\u00e1 parte de los costos del nuevo esquema tarifario del servicio de energ\u00eda el\u00e9ctrica a empresas productivas. As\u00ed qued\u00f3 establecido luego de que el ministro de Producci\u00f3n, Carlos Schepens, y el secretario de Energ\u00eda, Ra\u00fal Arroyo, firmaron la adhesi\u00f3n a la convocatoria efectuada por el gobierno nacional por la cual se brinda una ayuda econ\u00f3mica a sectores productivos de las distintas econom\u00edas regionales. El Estado provincial ya viene subsidiando a los sectores industriales y a un amplio espectro de beneficiarios con importes anuales que superan los 30&#8230;<\/p>\n","protected":false},"author":3,"featured_media":3173,"comment_status":"closed","ping_status":"closed","sticky":false,"template":"","format":"standard","meta":[],"categories":[9],"tags":[],"_links":{"self":[{"href":"https:\/\/www.actualidadadiario.com\/index.php\/wp-json\/wp\/v2\/posts\/3172"}],"collection":[{"href":"https:\/\/www.actualidadadiario.com\/index.php\/wp-json\/wp\/v2\/posts"}],"about":[{"href":"https:\/\/www.actualidadadiario.com\/index.php\/wp-json\/wp\/v2\/types\/post"}],"author":[{"embeddable":true,"href":"https:\/\/www.actualidadadiario.com\/index.php\/wp-json\/wp\/v2\/users\/3"}],"replies":[{"embeddable":true,"href":"https:\/\/www.actualidadadiario.com\/index.php\/wp-json\/wp\/v2\/comments?post=3172"}],"version-history":[{"count":1,"href":"https:\/\/www.actualidadadiario.com\/index.php\/wp-json\/wp\/v2\/posts\/3172\/revisions"}],"predecessor-version":[{"id":3174,"href":"https:\/\/www.actualidadadiario.com\/index.php\/wp-json\/wp\/v2\/posts\/3172\/revisions\/3174"}],"wp:featuredmedia":[{"embeddable":true,"href":"https:\/\/www.actualidadadiario.com\/index.php\/wp-json\/wp\/v2\/media\/3173"}],"wp:attachment":[{"href":"https:\/\/www.actualidadadiario.com\/index.php\/wp-json\/wp\/v2\/media?parent=3172"}],"wp:term":[{"taxonomy":"category","embeddable":true,"href":"https:\/\/www.actualidadadiario.com\/index.php\/wp-json\/wp\/v2\/categories?post=3172"},{"taxonomy":"post_tag","embeddable":true,"href":"https:\/\/www.actualidadadiario.com\/index.php\/wp-json\/wp\/v2\/tags?post=3172"}],"curies":[{"name":"wp","href":"https:\/\/api.w.org\/{rel}","templated":true}]}}