{"id":3169,"date":"2016-10-24T10:05:56","date_gmt":"2016-10-24T13:05:56","guid":{"rendered":"http:\/\/actualidadadiario.com\/site\/?p=3169"},"modified":"2016-10-24T10:05:56","modified_gmt":"2016-10-24T13:05:56","slug":"capacitaron-sobre-derechos-de-las-mujeres-en-el-ambito-obstetrico","status":"publish","type":"post","link":"https:\/\/www.actualidadadiario.com\/index.php\/2016\/10\/24\/capacitaron-sobre-derechos-de-las-mujeres-en-el-ambito-obstetrico\/","title":{"rendered":"Capacitaron sobre derechos de las mujeres en el \u00e1mbito obst\u00e9trico"},"content":{"rendered":"<p><em><strong>La iniciativa se enmarca en el ciclo de talleres contra la violencia de g\u00e9nero que impulsa la Subsecretar\u00eda de la Mujer del Ministerio de Desarrollo Social. Durante las dos jornadas en que se desarroll\u00f3 el encuentro, se abordaron diferentes cuestiones sobre la tem\u00e1tica, especialmente orientadas a que el personal de la salud pueda distinguir situaciones en que se dan episodios de violencia<\/strong><\/em><\/p>\n<p>&nbsp;<\/p>\n<p>&nbsp;<\/p>\n<p>&nbsp;<\/p>\n<p>&nbsp;<\/p>\n<p>&nbsp;<\/p>\n<p>&nbsp;<\/p>\n<p>En el marco del ciclo de capacitaciones que la Subsecretar\u00eda de la Mujer, dependiente del Ministerio de Desarrollo Social del Gobierno de Entre R\u00edos, viene dictando sobre violencia de g\u00e9nero, se realiz\u00f3 este 18 y 19 de octubre un taller en el Centro de Integraci\u00f3n Comunitaria (CIC) del Barrio la Floresta de la ciudad de Paran\u00e1 y fue dictado por profesionales de la Direcci\u00f3n de Asistencia T\u00e9cnica del Consejo Nacional de las Mujeres. El mismo cont\u00f3 con la participaci\u00f3n de trabajadores de Centros de Salud, del CIC, de la Subsecretar\u00eda Municipal de la Mujer y ong\u00b4s<\/p>\n<p>&nbsp;<\/p>\n<p>En el taller se abordaron tem\u00e1ticas sobre violencia de g\u00e9nero, derechos de las mujeres, legislaci\u00f3n sobre la materia, enfocado especialmente en el \u00e1mbito obst\u00e9trico con el prop\u00f3sito de reflexionar con los trabajadores de la salud herramientas para distinguir las situaciones en que se dan episodios de violencia. Considerando tipos y modalidades de la violencia. Se gener\u00f3 un espacio propicio para que los trabajadores expresaran sus reflexiones y opiniones a lo largo del taller, volvi\u00e9ndolo m\u00e1s din\u00e1mica y enriquecida la actividad, aseguraron desde la cartera social.<\/p>\n<p>&nbsp;<\/p>\n<p>Respecto a las jornadas de trabajo, la subsecretaria de la Mujer, Myriam Bianqueri, expres\u00f3: \u201cEstos espacios de capacitaci\u00f3n surgen como forma de prevenci\u00f3n de la violencia de g\u00e9nero y nos basamos en la aplicaci\u00f3n de la Ley 26485 que es una norma de reconocimiento de derechos de las mujeres y est\u00e1 dirigida a hacer efectivo el principio de igualdad de g\u00e9nero\u201d.<\/p>\n<p>&nbsp;<\/p>\n<p>\u201cEs importante seguir avanzando en nuevos espacios para continuar la lucha por la vigencia de los derechos de las mujeres, por ejemplo la violencia obst\u00e9trica. Aqu\u00ed se dan situaciones de vulneraci\u00f3n de los derechos humanos que es invisibilizada. Lamentablemente la violencia obst\u00e9trica es una pr\u00e1ctica habitual. Muchas mujeres son obligadas a parir solas, a pesar de que la ley dice que tienen derecho a estar acompa\u00f1adas por quien ellas decidan, otras son separadas de sus hijos en el instante posterior al nacimiento, se efect\u00faan ces\u00e1reas innecesarias, etc.\u201d, a\u00f1adi\u00f3 Bianqueri.<\/p>\n<p>&nbsp;<\/p>\n<p>\u201cLlevar la sensibilizaci\u00f3n en Derechos de las Mujeres a todos los \u00e1mbitos, como pol\u00edtica transversal y con la mayor capacidad de despliegue, es un objetivo central que nos se\u00f1ala nuestro gobierno provincial. Esta es la impronta del gobernador Gustavo Bordet y la forma de gesti\u00f3n de la Ministra Laura Stratta\u201d, concluy\u00f3 Bianqueri.<\/p>\n","protected":false},"excerpt":{"rendered":"<p>La iniciativa se enmarca en el ciclo de talleres contra la violencia de g\u00e9nero que impulsa la Subsecretar\u00eda de la Mujer del Ministerio de Desarrollo Social. Durante las dos jornadas en que se desarroll\u00f3 el encuentro, se abordaron diferentes cuestiones sobre la tem\u00e1tica, especialmente orientadas a que el personal de la salud pueda distinguir situaciones en que se dan episodios de violencia &nbsp; &nbsp; &nbsp; &nbsp; &nbsp; &nbsp; En el marco del ciclo de capacitaciones que la Subsecretar\u00eda de la Mujer, dependiente del Ministerio de Desarrollo Social del Gobierno de&#8230;<\/p>\n","protected":false},"author":3,"featured_media":3170,"comment_status":"closed","ping_status":"closed","sticky":false,"template":"","format":"standard","meta":[],"categories":[15],"tags":[],"_links":{"self":[{"href":"https:\/\/www.actualidadadiario.com\/index.php\/wp-json\/wp\/v2\/posts\/3169"}],"collection":[{"href":"https:\/\/www.actualidadadiario.com\/index.php\/wp-json\/wp\/v2\/posts"}],"about":[{"href":"https:\/\/www.actualidadadiario.com\/index.php\/wp-json\/wp\/v2\/types\/post"}],"author":[{"embeddable":true,"href":"https:\/\/www.actualidadadiario.com\/index.php\/wp-json\/wp\/v2\/users\/3"}],"replies":[{"embeddable":true,"href":"https:\/\/www.actualidadadiario.com\/index.php\/wp-json\/wp\/v2\/comments?post=3169"}],"version-history":[{"count":1,"href":"https:\/\/www.actualidadadiario.com\/index.php\/wp-json\/wp\/v2\/posts\/3169\/revisions"}],"predecessor-version":[{"id":3171,"href":"https:\/\/www.actualidadadiario.com\/index.php\/wp-json\/wp\/v2\/posts\/3169\/revisions\/3171"}],"wp:featuredmedia":[{"embeddable":true,"href":"https:\/\/www.actualidadadiario.com\/index.php\/wp-json\/wp\/v2\/media\/3170"}],"wp:attachment":[{"href":"https:\/\/www.actualidadadiario.com\/index.php\/wp-json\/wp\/v2\/media?parent=3169"}],"wp:term":[{"taxonomy":"category","embeddable":true,"href":"https:\/\/www.actualidadadiario.com\/index.php\/wp-json\/wp\/v2\/categories?post=3169"},{"taxonomy":"post_tag","embeddable":true,"href":"https:\/\/www.actualidadadiario.com\/index.php\/wp-json\/wp\/v2\/tags?post=3169"}],"curies":[{"name":"wp","href":"https:\/\/api.w.org\/{rel}","templated":true}]}}