{"id":3166,"date":"2016-10-24T10:05:11","date_gmt":"2016-10-24T13:05:11","guid":{"rendered":"http:\/\/actualidadadiario.com\/site\/?p=3166"},"modified":"2016-10-24T10:05:11","modified_gmt":"2016-10-24T13:05:11","slug":"actores-sociales-del-ambito-publico-y-privado-debatieron-sobre-la-ley-de-habitat","status":"publish","type":"post","link":"https:\/\/www.actualidadadiario.com\/index.php\/2016\/10\/24\/actores-sociales-del-ambito-publico-y-privado-debatieron-sobre-la-ley-de-habitat\/","title":{"rendered":"Actores sociales del \u00e1mbito p\u00fablico y privado debatieron sobre la ley de H\u00e1bitat"},"content":{"rendered":"<p><em><strong>La Comisi\u00f3n de H\u00e1bitat del Consejo de Pol\u00edticas Sociales, espacio impulsado por el gobierno provincial, realiz\u00f3 un foro de debate con la participaci\u00f3n de diferentes actores sociales, del \u00e1mbito p\u00fablico y privado, los cuales expusieron sus puntos de vista y realizaron diferentes recomendaciones para avanzar en la confecci\u00f3n de la normativa. \u201cLos invito a trabajar para dise\u00f1ar una pol\u00edtica de h\u00e1bitat de la que cada uno de los entrerrianos podamos sentir orgullo\u201d, manifest\u00f3 la ministra de Desarrollo Social, Laura Stratta<\/strong><\/em><\/p>\n<p>&nbsp;<\/p>\n<p>&nbsp;<\/p>\n<p>&nbsp;<\/p>\n<p>&nbsp;<\/p>\n<p>&nbsp;<\/p>\n<p>El aula Magna de la Universidad Tecnol\u00f3gica Nacional, Facultad Regional Paran\u00e1, fue el escenario donde se llev\u00f3 a cabo el primer foro de debate abierto para la elaboraci\u00f3n de un anteproyecto de ley de H\u00e1bitat, evento impulsado por la comisi\u00f3n de H\u00e1bitat del Consejo Provincial de Pol\u00edticas Sociales con el objetivo de recabar aportes y recomendaciones de los actores directamente involucrados. Se busca as\u00ed elaborar un compendio de los principales lineamientos que deber\u00eda tener una normativa de esta clase, la cual el \u00f3rgano de debate considera necesaria para brindar un marco legal unificado a la tem\u00e1tica.<\/p>\n<p>&nbsp;<\/p>\n<p>Durante el encuentro, al hacer uso de la palabra, la ministra de Desarrollo Social, Laura Stratta manifest\u00f3 el \u201cenorme desafi\u00f3 que significa para nosotros ver la convocatoria que tiene el Foro, que es resultado del trabajo realizado en la Comisi\u00f3n de H\u00e1bitat del Consejo\u201d. Asimismo, la titular de la cartera de desarrollo explic\u00f3 que \u201cnosotros entendemos al h\u00e1bitat no solo como la construcci\u00f3n de una vivienda, sino que incluye al contexto y al entorno donde adem\u00e1s de la obra p\u00fablica, se encuentra la salud, la cultura y la educaci\u00f3n, que son fundamentales para pensar el desarrollo humano. Es desde este lugar que nos paramos para pensar un proyecto de ley que aborde las condiciones del h\u00e1bitat\u201d.<\/p>\n<p>&nbsp;<\/p>\n<p>Acto seguido, el ingeniero Omar Berardi, decano de la alta casa de estudios donde se realiz\u00f3 el evento, manifest\u00f3 el agrado que significa para la instituci\u00f3n ser parte de este tipo de iniciativas: \u201cEs un honor para la Facultad Tecnol\u00f3gica recibir a los integrantes de este Foro de H\u00e1bitat, porque trata sobre los derechos que confiere la Constituci\u00f3n sobre una vivienda digna y todo lo que ellos implica. Es muy significativo poder tener el d\u00eda de ma\u00f1ana una ley de h\u00e1bitat que considere al ser humano en todos sus aspectos\u201d.<\/p>\n<p>&nbsp;<\/p>\n<p>Durante las casi cuatro horas de intercambio se realizaron aportes y recomendaciones sobre c\u00f3mo deber\u00eda ser el texto que de forma al anteproyecto de ley, a fin de enriquecer su contenido con contribuciones de diversos sectores. En este sentido, los arquitectos Francisco Taibi y Fernando de la Rosa en representaci\u00f3n del Colegio de Arquitectos de la provincia, durante su exposici\u00f3n hicieron hincapi\u00e9 en que &#8220;si bien el objetivo de la ley de h\u00e1bitat es beneficiar a todos los ciudadanos, debe priorizar solucionar el d\u00e9ficit poblacional y de h\u00e1bitat digno de las personas en estado de pobreza cr\u00edtica, aportando soluciones integrales desde una mirada inclusiva e integradora de disciplinas con competencia en la tem\u00e1tica, lo que significa que deber\u00e1 contemplar tanto la vivienda como la preservaci\u00f3n del uso de suelo y del ambiente en su totalidad, adem\u00e1s de una planificaci\u00f3n f\u00edsica, urbana y territorial integral&#8221;. Asimismo, los profesionales remarcaron que el h\u00e1bitat no es solo \u2018suelo y vivienda\u2019 sino que una normativa correcta debe incorporar las cuestiones de trabajo, comunidad y recreaci\u00f3n, siempre dentro del marco de sostenibilidad ambiental.<\/p>\n<p>&nbsp;<\/p>\n<p>Del encuentro tambi\u00e9n particip\u00f3 el director Provincial de Vivienda y Urbanismo de la Provincia de Santa Fe, Lucas Crivelli, quien aport\u00f3 detalles de la experiencia de trabajo que efect\u00faan en dicho territorio, y con quienes se realiza un trabajo mancomunado desde la reuni\u00f3n Desarrollo Social y H\u00e1bitat de la Regi\u00f3n Centro, realizada en febrero pasado. En este sentido, el funcionario resalt\u00f3 que las pol\u00edticas p\u00fablicas llevadas adelantes en la tem\u00e1tica tienen que estar orientadas al concepto de h\u00e1bitat entendido no solo como \u201cel suelo donde vamos a instalar una casa porque el entorno lo condiciona. Como pol\u00edticas p\u00fablicas desde el gobierno de Santa Fe trabajamos en lo denominado planificaci\u00f3n estrat\u00e9gica, en especial para las peque\u00f1as localidades, ya que el interior de la provincia qued\u00f3 muy perdido y sin el asesoramiento correspondiente, por eso nuestro objetivo es darle las herramientas a las peque\u00f1as localidades, para que, en el correr del tiempo, sean sustentables\u201d.<\/p>\n<p>&nbsp;<\/p>\n<p>La secretaria de Ambiente de la provincia, Bel\u00e9n Esteves, se explay\u00f3 sobre la incidencia de las cuestiones ambientales en el h\u00e1bitat, y remarc\u00f3 la importancia de \u00e9stas en lo que concierne a la calidad de vida de la poblaci\u00f3n y su zona de residencia, haciendo especial hincapi\u00e9 en el cuidado de los recursos naturales y en un desarrollo sustentable, que significar\u00eda un equilibrio entre lo social, lo econ\u00f3mico y lo ambiental.<\/p>\n<p>&nbsp;<\/p>\n<p>La Agrupaci\u00f3n de Inquilinos Organizados de Entre R\u00edos, representada por Mario Villagra, plante\u00f3 la relaci\u00f3n entre h\u00e1bitat e inquilinos, y en este sentido recomend\u00f3 que se incluya la creaci\u00f3n de una Defensor\u00eda del Inquilino que dependa de la Defensor\u00eda del Pueblo, como se ha celebrado en otros municipios del pa\u00eds.<\/p>\n<p>&nbsp;<\/p>\n<p>Al hacer uso de la palabra, el Escribano Mayor de Gobierno, Alejandro Santana, se refiri\u00f3 a la regularizaci\u00f3n de dominio como una pol\u00edtica de inclusi\u00f3n social \u00edntimamente relacionada con el h\u00e1bitat, especialmente en lo que refiere a los asentamientos de personas con pocos recursos, a los que se les dificulta acceder al t\u00edtulo de propiedad de la tierra que habitan.<\/p>\n<p>&nbsp;<\/p>\n<p>Alberto Espinoza, de Maderera Abuelo Sixto, expuso sobre la necesidad de que todas las personas puedan acceder a una vivienda digna, y en este sentido relat\u00f3 su experiencia en la confecci\u00f3n de casas de madera y su potencial positivo para con el cuidado del medio ambiente.<\/p>\n<p>&nbsp;<\/p>\n<p>A su turno, el arquitecto Javier Arrieta, integrante de la Unidad Ejecutora del Ministerio de Desarrollo Social, realiz\u00f3 una s\u00edntesis de los avances obtenidos en los diferentes encuentros de la Comisi\u00f3n de H\u00e1bitat del Consejo, as\u00ed como tambi\u00e9n se refiri\u00f3 a ciertas particularidades respecto de las pol\u00edticas p\u00fablicas de la tem\u00e1tica, para finalmente mencionar algunas recomendaciones frente a un potencial anteproyecto de ley del uso del suelo y h\u00e1bitat.<\/p>\n<p>&nbsp;<\/p>\n<p>Por su parte el presidente del Centro de Jubilados Corrales, Danilo Corona, manifest\u00f3 la necesidad de incluir a los adultos mayores que se encuentran en situaci\u00f3n de calle, por esto sugiri\u00f3 la idea de viviendas tuteladas por los municipios en vez de nominadas a nombre del adulto mayor, para que de esta forma sean ocupadas transitoriamente por los adultos mayores que lo necesiten, relocalizando a quienes est\u00e9n en situaci\u00f3n de calle.<\/p>\n<p>&nbsp;<\/p>\n<p>En representaci\u00f3n del senador provincial \u00c1ngel Giano, el doctor Carlos Saboldelli expuso a los presentes los avances del proyecto de Ley de H\u00e1bitat Entrerriano que actualmente se encuentra en estado legislativo, y que recoge variados informes y aspectos referentes a la tem\u00e1tica.<\/p>\n<p>&nbsp;<\/p>\n<p>Finalmente, la Directora del \u00c1rea de Protecci\u00f3n de Derechos Ciudadanos de la Defensor\u00eda del Pueblo, Patricia Brumatti, se refiri\u00f3 al trabajo que realizan sobre la tem\u00e1tica de h\u00e1bitat, haciendo referencia a los numerosos reclamos e inquietudes que reciben diariamente sobre la cuesti\u00f3n. En este sentido mencion\u00f3 tres ejes que consideran deber\u00edan contemplarse en una normativa al respecto, los cuales hacen referencia al derecho a la ciudad, la justicia urbana territorial y el derecho al h\u00e1bitat, propiamente dicho.<\/p>\n<p>&nbsp;<\/p>\n<p>Adem\u00e1s, manifestaron su adhesi\u00f3n a la actividad: la ingeniera Patricia Zapata; el Colegio de Profesionales de la Agronom\u00eda de Entre R\u00edos; la Direcci\u00f3n Organizadora del Departamento de Ciencias Econ\u00f3micas de la UCA; la Direcci\u00f3n de Juntas de Gobierno de Entre R\u00edos; el Centro de Desarrollo Foresto Industrial de Entre R\u00edos (Cedefi); y la Asociaci\u00f3n de Desarrolladores Urbanos y de Viviendas de Entre R\u00edos. Aunque en esta oportunidad no han podido estar presentes expresaron su inter\u00e9s por participar de los debates que se generen en pr\u00f3ximos evento en torno a la tem\u00e1tica.<\/p>\n","protected":false},"excerpt":{"rendered":"<p>La Comisi\u00f3n de H\u00e1bitat del Consejo de Pol\u00edticas Sociales, espacio impulsado por el gobierno provincial, realiz\u00f3 un foro de debate con la participaci\u00f3n de diferentes actores sociales, del \u00e1mbito p\u00fablico y privado, los cuales expusieron sus puntos de vista y realizaron diferentes recomendaciones para avanzar en la confecci\u00f3n de la normativa. \u201cLos invito a trabajar para dise\u00f1ar una pol\u00edtica de h\u00e1bitat de la que cada uno de los entrerrianos podamos sentir orgullo\u201d, manifest\u00f3 la ministra de Desarrollo Social, Laura Stratta &nbsp; &nbsp; &nbsp; &nbsp; &nbsp; El aula Magna de la&#8230;<\/p>\n","protected":false},"author":3,"featured_media":3167,"comment_status":"closed","ping_status":"closed","sticky":false,"template":"","format":"standard","meta":[],"categories":[15],"tags":[],"_links":{"self":[{"href":"https:\/\/www.actualidadadiario.com\/index.php\/wp-json\/wp\/v2\/posts\/3166"}],"collection":[{"href":"https:\/\/www.actualidadadiario.com\/index.php\/wp-json\/wp\/v2\/posts"}],"about":[{"href":"https:\/\/www.actualidadadiario.com\/index.php\/wp-json\/wp\/v2\/types\/post"}],"author":[{"embeddable":true,"href":"https:\/\/www.actualidadadiario.com\/index.php\/wp-json\/wp\/v2\/users\/3"}],"replies":[{"embeddable":true,"href":"https:\/\/www.actualidadadiario.com\/index.php\/wp-json\/wp\/v2\/comments?post=3166"}],"version-history":[{"count":1,"href":"https:\/\/www.actualidadadiario.com\/index.php\/wp-json\/wp\/v2\/posts\/3166\/revisions"}],"predecessor-version":[{"id":3168,"href":"https:\/\/www.actualidadadiario.com\/index.php\/wp-json\/wp\/v2\/posts\/3166\/revisions\/3168"}],"wp:featuredmedia":[{"embeddable":true,"href":"https:\/\/www.actualidadadiario.com\/index.php\/wp-json\/wp\/v2\/media\/3167"}],"wp:attachment":[{"href":"https:\/\/www.actualidadadiario.com\/index.php\/wp-json\/wp\/v2\/media?parent=3166"}],"wp:term":[{"taxonomy":"category","embeddable":true,"href":"https:\/\/www.actualidadadiario.com\/index.php\/wp-json\/wp\/v2\/categories?post=3166"},{"taxonomy":"post_tag","embeddable":true,"href":"https:\/\/www.actualidadadiario.com\/index.php\/wp-json\/wp\/v2\/tags?post=3166"}],"curies":[{"name":"wp","href":"https:\/\/api.w.org\/{rel}","templated":true}]}}