{"id":3163,"date":"2016-10-24T10:04:18","date_gmt":"2016-10-24T13:04:18","guid":{"rendered":"http:\/\/actualidadadiario.com\/site\/?p=3163"},"modified":"2016-10-24T10:04:18","modified_gmt":"2016-10-24T13:04:18","slug":"equipos-de-salud-trabajan-para-garantizar-un-abordaje-integral-del-paciente-adolescente","status":"publish","type":"post","link":"https:\/\/www.actualidadadiario.com\/index.php\/2016\/10\/24\/equipos-de-salud-trabajan-para-garantizar-un-abordaje-integral-del-paciente-adolescente\/","title":{"rendered":"Equipos de Salud trabajan para garantizar un abordaje integral del paciente adolescente"},"content":{"rendered":"<p><em><strong>El trabajo en salud integral del adolescente plantea, para la provincia, distintas estrategias de abordaje. El eje principal es la capacitaci\u00f3n y, en ese sentido, la especialista Diana Pasqualini consider\u00f3 en su paso por Paran\u00e1 que \u201clo m\u00e1s importante es formar a pediatras, generalistas y m\u00e9dicos de familia para que se armen equipos facultados para brindarles la mejor atenci\u00f3n\u201d<\/strong><\/em><\/p>\n<p>&nbsp;<\/p>\n<p>&nbsp;<\/p>\n<p>&nbsp;<\/p>\n<p>&nbsp;<\/p>\n<p>La m\u00e9dica pediatra Diana Pasqualini, coordinadora de las \u00e1reas Cl\u00ednica y Docencia en el servicio de Adolescencia del Hospital de Ni\u00f1os Dr. Ricardo Guti\u00e9rrez de Buenos Aires expuso en Paran\u00e1 sobre el abordaje integral del paciente adolescente. La instancia formativa se refiri\u00f3 a la atenci\u00f3n de la salud adolescente, de manera transdisciplinaria.<\/p>\n<p>&nbsp;<\/p>\n<p>En la disertaci\u00f3n, Pasqualini dej\u00f3 en claro que el trabajo en consejer\u00eda, no implica dar consejos. \u201cCuando uno est\u00e1 hablando con adolescentes y se plantean dudas con respecto a c\u00f3mo seguir, uno le puede decir: segu\u00ed este rumbo que es el m\u00e1s f\u00e1cil y adecuado. Pero no, uno tiene que preguntarle: cu\u00e1l es el camino que quer\u00e9s hacer y en lo que decidas, te acompa\u00f1o\u201d. Y agreg\u00f3 que las modificaciones en el comportamiento del adolescente se dan de a poco, lo que \u201cexige un v\u00ednculo muy fuerte, un trabajo interdisciplinario e intersectorial con los padres y docentes, no s\u00f3lo con profesionales de la salud\u201d. En ese sentido, reflexion\u00f3: \u201cLa comunidad entera tiene que brindar contenci\u00f3n a los adolescentes\u201d.<\/p>\n<p>&nbsp;<\/p>\n<p>Quien escribi\u00f3 junto a Alfredo Llorens \u201cManual de adolescencia y salud\u201d y \u201cSalud y bienestar de adolescentes y j\u00f3venes: una mirada integral\u201d habl\u00f3 del desaf\u00edo de trabajar con y para los adolescentes hoy. Esto implica no s\u00f3lo tratar la salud adolescente y fomentar la prevenci\u00f3n, sino tambi\u00e9n instruir y formar equipos de atenci\u00f3n.<\/p>\n<p>&nbsp;<\/p>\n<p>\u201cEl adolescente es muy ruidoso, grita, act\u00faa mucho y eso llama la atenci\u00f3n de los adultos. Al hacerlo est\u00e1 convocando a que lo ayudemos, es cuando se da cuenta que: no quiere depender totalmente de los pap\u00e1s, quiere tener su propio mundo y todav\u00eda no lo puede tener independientemente y cree que el mundo se puede modificar y es f\u00e1cil hacerlo. Entonces reclama que el mundo sea mejor \u2014reflexion\u00f3 Pasqualini\u2014. Los adolescentes pueden pensar en utop\u00edas y el bienestar de la gente porque no han sido frustrados por la burocracia y las trabas que le pone el mundo. Cuando uno aprende a escucharlos ya no los puede dejar de acompa\u00f1ar porque dice: bueno, yo quiero lo mismo que ellos quieren\u201d.<\/p>\n<p>&nbsp;<\/p>\n<p>Desde el perfil formador y capacitador, quien forma parte de la Sociedad Argentina de Pediatr\u00eda y del Comit\u00e9 de Estudio Permanente del Adolescente (CEPA) en la Sociedad Argentina de Pediatr\u00eda (SAP), valor\u00f3 que \u201cdesde salud lo m\u00e1s importante es capacitar a pediatras, generalistas, m\u00e9dicos de familia y todas las disciplinas relacionadas con la atenci\u00f3n del adolescente para que se armen equipos facultados para brindarle a aquellos la mejor atenci\u00f3n\u201d.<\/p>\n<p>&nbsp;<\/p>\n<p>Ante la consulta de la fuerza de la violencia, la autoagresi\u00f3n y las adicciones, entre otras problem\u00e1ticas que influyen en la conducta de los adolescentes, Pasqualini no dud\u00f3 en decir que \u201clo m\u00e1s pesado para sostener es la carencia de hogar\u201d. Entonces, \u201ccuando hay adolescentes que no tienen padres presentes y no tienen un hogar que sientan como propio, es muy dif\u00edcil para el profesional poder ayudarlos\u201d.<\/p>\n<p>&nbsp;<\/p>\n<p>\u201cA nivel de la comunidad y el pa\u00eds, hay que trabajar much\u00edsimo para que la gente adulta tenga un trabajo digno y bien remunerado y los chicos tengan una educaci\u00f3n adecuada; que los docentes acompa\u00f1en no solamente a los ni\u00f1os sino a las familias para poder reeducarlos y as\u00ed armen un proyecto de vida\u201d, puntualiz\u00f3 la profesional, que desde 1979 trabaja en la atenci\u00f3n de la salud integral de los adolescentes. \u201cM\u00e1s que la conducta violenta del adolescente pesa much\u00edsimo m\u00e1s la actitud violenta de la comunidad hacia el adolescente, cuando no le ofrece oportunidades para ser mejor las cosas\u201d, concluy\u00f3.<\/p>\n<p>&nbsp;<\/p>\n<p>&nbsp;<\/p>\n<p>&nbsp;<\/p>\n<p>&nbsp;<\/p>\n<p>&nbsp;<\/p>\n<p>&nbsp;<\/p>\n<p><strong>Entre R\u00edos <\/strong><\/p>\n<p>El 18 por ciento de la poblaci\u00f3n entrerriana es adolescente. La cifra fue expuesta por la responsable del Programa Salud Integral de las y los Adolescentes, Romina Spoturno, durante las VII Jornadas Interdisciplinarias del hospital San Roque, organizadas desde hace 14 a\u00f1os por el Comit\u00e9 de Docencia e Investigaci\u00f3n del nosocomio.<\/p>\n<p>&nbsp;<\/p>\n<p>En la oportunidad Spoturno resalt\u00f3 que \u201ctrabajar en la salud integral adolescente \u2013de 10 a 19 a\u00f1os\u2013 implica no s\u00f3lo un cambio de paradigma sino un proceso de vida involucrando a ni\u00f1os, adolescentes, j\u00f3venes, adultos y ancianos\u201d.<\/p>\n<p>&nbsp;<\/p>\n<p>Tambi\u00e9n destac\u00f3 la adhesi\u00f3n del pa\u00eds a pactos internacionales que protegen los derechos humanos de ni\u00f1as, ni\u00f1os y adolescentes tempranos (10 a 13), medios (14 a 16) y tard\u00edos (17 a 19). Y que \u201cel abuso sexual infantojuvenil, la violencia, el suicidio, son motivos de consulta m\u00e9dicos en guardias de hospitales y centros de salud, dado que corresponde garantizar un abordaje integral y no la revictimizaci\u00f3n\u201d.<\/p>\n","protected":false},"excerpt":{"rendered":"<p>El trabajo en salud integral del adolescente plantea, para la provincia, distintas estrategias de abordaje. El eje principal es la capacitaci\u00f3n y, en ese sentido, la especialista Diana Pasqualini consider\u00f3 en su paso por Paran\u00e1 que \u201clo m\u00e1s importante es formar a pediatras, generalistas y m\u00e9dicos de familia para que se armen equipos facultados para brindarles la mejor atenci\u00f3n\u201d &nbsp; &nbsp; &nbsp; &nbsp; La m\u00e9dica pediatra Diana Pasqualini, coordinadora de las \u00e1reas Cl\u00ednica y Docencia en el servicio de Adolescencia del Hospital de Ni\u00f1os Dr. Ricardo Guti\u00e9rrez de Buenos Aires&#8230;<\/p>\n","protected":false},"author":3,"featured_media":3164,"comment_status":"closed","ping_status":"closed","sticky":false,"template":"","format":"standard","meta":[],"categories":[15],"tags":[],"_links":{"self":[{"href":"https:\/\/www.actualidadadiario.com\/index.php\/wp-json\/wp\/v2\/posts\/3163"}],"collection":[{"href":"https:\/\/www.actualidadadiario.com\/index.php\/wp-json\/wp\/v2\/posts"}],"about":[{"href":"https:\/\/www.actualidadadiario.com\/index.php\/wp-json\/wp\/v2\/types\/post"}],"author":[{"embeddable":true,"href":"https:\/\/www.actualidadadiario.com\/index.php\/wp-json\/wp\/v2\/users\/3"}],"replies":[{"embeddable":true,"href":"https:\/\/www.actualidadadiario.com\/index.php\/wp-json\/wp\/v2\/comments?post=3163"}],"version-history":[{"count":1,"href":"https:\/\/www.actualidadadiario.com\/index.php\/wp-json\/wp\/v2\/posts\/3163\/revisions"}],"predecessor-version":[{"id":3165,"href":"https:\/\/www.actualidadadiario.com\/index.php\/wp-json\/wp\/v2\/posts\/3163\/revisions\/3165"}],"wp:featuredmedia":[{"embeddable":true,"href":"https:\/\/www.actualidadadiario.com\/index.php\/wp-json\/wp\/v2\/media\/3164"}],"wp:attachment":[{"href":"https:\/\/www.actualidadadiario.com\/index.php\/wp-json\/wp\/v2\/media?parent=3163"}],"wp:term":[{"taxonomy":"category","embeddable":true,"href":"https:\/\/www.actualidadadiario.com\/index.php\/wp-json\/wp\/v2\/categories?post=3163"},{"taxonomy":"post_tag","embeddable":true,"href":"https:\/\/www.actualidadadiario.com\/index.php\/wp-json\/wp\/v2\/tags?post=3163"}],"curies":[{"name":"wp","href":"https:\/\/api.w.org\/{rel}","templated":true}]}}