{"id":3160,"date":"2016-10-24T10:03:07","date_gmt":"2016-10-24T13:03:07","guid":{"rendered":"http:\/\/actualidadadiario.com\/site\/?p=3160"},"modified":"2016-10-24T10:03:07","modified_gmt":"2016-10-24T13:03:07","slug":"bordet-y-frigerio-encabezaron-los-actos-por-el-aniversario-de-piedras-blancas","status":"publish","type":"post","link":"https:\/\/www.actualidadadiario.com\/index.php\/2016\/10\/24\/bordet-y-frigerio-encabezaron-los-actos-por-el-aniversario-de-piedras-blancas\/","title":{"rendered":"Bordet y Frigerio encabezaron los actos por el aniversario de Piedras Blancas"},"content":{"rendered":"<p><em><strong>\u201cQuienes tenemos responsabilidades de gobierno tenemos la obligaci\u00f3n de aunar todos los esfuerzos para trabajar en conjunto&#8221;, sostuvo el gobernador Gustavo Bordet este s\u00e1bado en Piedras Blancas, al compartir con el ministro del Interior, Rogelio Frigerio, y al intendente Julio Weishemm, los actos por el 83\u00ba aniversario de esa localidad del departamento La Paz. En la ocasi\u00f3n se rubric\u00f3 un convenio para obras por 18 millones de pesos y se anunci\u00f3 la apertura de una oficina de Pami en esa localidad<\/strong><\/em><\/p>\n<p>&nbsp;<\/p>\n<p>&nbsp;<\/p>\n<p>&nbsp;<\/p>\n<p>&nbsp;<\/p>\n<p>&nbsp;<\/p>\n<p>&nbsp;<\/p>\n<p>El gobernador y el funcionario nacional ratificaron el apoyo para avanzar en el proyecto del camino costero que unir\u00e1 las localidades de Piedras Blancas y Hernandarias, en una extensi\u00f3n de cuatro kil\u00f3metros, y el cual ya ven\u00eda trabajando la provincia junto al municipio.<\/p>\n<p>&nbsp;<\/p>\n<p>Precisamente, esta iniciativa fue abordada d\u00edas atr\u00e1s por el gobernador junto a los jefes comunales de la mancomunidad de esta regi\u00f3n, lo que fue resaltado por el intendente Weishemm.<\/p>\n<p>&nbsp;<\/p>\n<p>En el acto, donde tambi\u00e9n participaron el senador nacional Alfredo De \u00c1ngeli y el diputado nacional Marcelo Mounfort, intendentes, legisladores provinciales y funcionarios, se firm\u00f3 un convenio espec\u00edfico entre la Naci\u00f3n y el municipio para la construcci\u00f3n de obras de infraestructura b\u00e1sica, como agua potable, desag\u00fces cloacales, asfalto, alumbrado p\u00fablico y un play\u00f3n deportivo, por 18 millones de pesos, en los barrios Las Ranas y Pescadores, de Piedras Blancas. Tambi\u00e9n se anunci\u00f3 la apertura de una oficina de Pami en esa localidad.<\/p>\n<p>&nbsp;<\/p>\n<p>&nbsp;<\/p>\n<p>&nbsp;<\/p>\n<p>&nbsp;<\/p>\n<p>&nbsp;<\/p>\n<p><strong>Complementaci\u00f3n <\/strong><\/p>\n<p>Al hacer uso de la palabra, el gobernador felicit\u00f3 a la comunidad de Piedras Blancas por el aniversario de esa localidad y coment\u00f3: &#8220;Para m\u00ed es un gran placer compartir con ustedes esta acto emotivo. Tengo muchos afectos en esta localidad que est\u00e1 bendecida por la naturaleza, como tambi\u00e9n toda esta micro regi\u00f3n en la cual tuvimos una jornada de trabajo en viernes de la semana pasada&#8221;, record\u00f3 el mandatario.<\/p>\n<p>&nbsp;<\/p>\n<p>Coment\u00f3 que intendentes y presidentes de juntas de gobierno &#8220;tuvieron una gran idea de asociarse para plantear con m\u00e1s fuerza y contundencia las soluciones que se requieren para avanzar en distintos sentidos\u201d. Asegur\u00f3 que \u201cesto facilita la tarea de trabajar en conjunto y porque nos genera la obligaci\u00f3n de ir a la consecuci\u00f3n de los objetivos&#8221;.<\/p>\n<p>&nbsp;<\/p>\n<p>En ese marco, Bordet dijo: &#8220;Quiero comprometerme con lo acordado de dar culminaci\u00f3n a la ruta 7. Estamos en plena obra y ejecuci\u00f3n para que tenga el acceso que se merece Piedras Blancas. Estaba en muy malas condiciones y pronto lo estaremos terminando\u201d, indic\u00f3 y ratific\u00f3 que tambi\u00e9n se reemplazar\u00e1 el puente bailey que est\u00e1 sobre el arroyo Hernandarias.<\/p>\n<p>&nbsp;<\/p>\n<p>Tambi\u00e9n comprometi\u00f3 la entrega de una ambulancia y dijo que se pavimentar\u00e1 la avenida de Piedras Blancas como obra complementaria a la ruta 7.<\/p>\n<p>&nbsp;<\/p>\n<p>Luego indic\u00f3: &#8220;Quiero agradecer al ministro porque sabemos que la Naci\u00f3n siempre ha estado apoyando y apuntalando este tipo de iniciativas. En este caso, hemos contado con la inestimable cooperaci\u00f3n para poder trabajar en conjunto\u201d. &#8220;Estamos en ese convencimiento de trabajar con todos los entrerrianos y con todos los estamentos de gobierno para poder resolver los problemas que hoy tienen los vecinos que, no es ni m\u00e1s ni menos que mejorar la calidad de vida todos los d\u00edas un poco m\u00e1s&#8221;, insisti\u00f3.<\/p>\n","protected":false},"excerpt":{"rendered":"<p>\u201cQuienes tenemos responsabilidades de gobierno tenemos la obligaci\u00f3n de aunar todos los esfuerzos para trabajar en conjunto&#8221;, sostuvo el gobernador Gustavo Bordet este s\u00e1bado en Piedras Blancas, al compartir con el ministro del Interior, Rogelio Frigerio, y al intendente Julio Weishemm, los actos por el 83\u00ba aniversario de esa localidad del departamento La Paz. En la ocasi\u00f3n se rubric\u00f3 un convenio para obras por 18 millones de pesos y se anunci\u00f3 la apertura de una oficina de Pami en esa localidad &nbsp; &nbsp; &nbsp; &nbsp; &nbsp; &nbsp; El gobernador y&#8230;<\/p>\n","protected":false},"author":3,"featured_media":3161,"comment_status":"closed","ping_status":"closed","sticky":false,"template":"","format":"standard","meta":[],"categories":[15],"tags":[],"_links":{"self":[{"href":"https:\/\/www.actualidadadiario.com\/index.php\/wp-json\/wp\/v2\/posts\/3160"}],"collection":[{"href":"https:\/\/www.actualidadadiario.com\/index.php\/wp-json\/wp\/v2\/posts"}],"about":[{"href":"https:\/\/www.actualidadadiario.com\/index.php\/wp-json\/wp\/v2\/types\/post"}],"author":[{"embeddable":true,"href":"https:\/\/www.actualidadadiario.com\/index.php\/wp-json\/wp\/v2\/users\/3"}],"replies":[{"embeddable":true,"href":"https:\/\/www.actualidadadiario.com\/index.php\/wp-json\/wp\/v2\/comments?post=3160"}],"version-history":[{"count":1,"href":"https:\/\/www.actualidadadiario.com\/index.php\/wp-json\/wp\/v2\/posts\/3160\/revisions"}],"predecessor-version":[{"id":3162,"href":"https:\/\/www.actualidadadiario.com\/index.php\/wp-json\/wp\/v2\/posts\/3160\/revisions\/3162"}],"wp:featuredmedia":[{"embeddable":true,"href":"https:\/\/www.actualidadadiario.com\/index.php\/wp-json\/wp\/v2\/media\/3161"}],"wp:attachment":[{"href":"https:\/\/www.actualidadadiario.com\/index.php\/wp-json\/wp\/v2\/media?parent=3160"}],"wp:term":[{"taxonomy":"category","embeddable":true,"href":"https:\/\/www.actualidadadiario.com\/index.php\/wp-json\/wp\/v2\/categories?post=3160"},{"taxonomy":"post_tag","embeddable":true,"href":"https:\/\/www.actualidadadiario.com\/index.php\/wp-json\/wp\/v2\/tags?post=3160"}],"curies":[{"name":"wp","href":"https:\/\/api.w.org\/{rel}","templated":true}]}}