{"id":3157,"date":"2016-10-24T10:02:18","date_gmt":"2016-10-24T13:02:18","guid":{"rendered":"http:\/\/actualidadadiario.com\/site\/?p=3157"},"modified":"2016-10-24T10:02:18","modified_gmt":"2016-10-24T13:02:18","slug":"presupuesto-2017-cuales-son-los-ministerios-y-planes-sociales-con-mas-recortes","status":"publish","type":"post","link":"https:\/\/www.actualidadadiario.com\/index.php\/2016\/10\/24\/presupuesto-2017-cuales-son-los-ministerios-y-planes-sociales-con-mas-recortes\/","title":{"rendered":"Presupuesto 2017: \u00bfCu\u00e1les son los ministerios y planes sociales con m\u00e1s recortes?"},"content":{"rendered":"<p><em><strong>Con reducciones de fondos o incrementos nominales por debajo de la inflaci\u00f3n, los recortes reales oscilan entre el 12% y el 31%<\/strong><\/em><\/p>\n<p>&nbsp;<\/p>\n<p>&nbsp;<\/p>\n<p>&nbsp;<\/p>\n<p>&nbsp;<\/p>\n<p>&nbsp;<\/p>\n<p>Los Ministerios de Energ\u00eda, Producci\u00f3n, Agroindustria, Cultura y Salud son los que mayores<\/p>\n<p>recortes registran en el proyecto de Presupuesto para el a\u00f1o pr\u00f3ximo.<\/p>\n<p>&nbsp;<\/p>\n<p>Con reducciones de fondos o incrementos nominales por debajo de la inflaci\u00f3n calculada para el a\u00f1o que viene, los recortes reales en esos ministerios oscilan entre el 12% y el 31%, seg\u00fan public\u00f3 un matutino porte\u00f1o.<\/p>\n<p>&nbsp;<\/p>\n<p>A esas reducciones se suman algunas de menor nivel, como la que sufre el Ministerio de Ciencia y Tecnolog\u00eda, as\u00ed como reducciones puntuales en \u00e1reas espec\u00edficas o programas de otros ministerios, como el Progresar, y diversos planes del Ministerio de Justicia vinculados a la pol\u00edtica &#8220;memoria, verdad y justicia&#8221;.<\/p>\n<p>&nbsp;<\/p>\n<p>El caso del Ministerio de Energ\u00eda, a cargo de Juan Jos\u00e9 Aranguren, registra una variaci\u00f3n nominal, del 17,9%, en lo que significa un recorte real de alrededor del 31,1%. El Gobierno ya hab\u00eda anunciado una reducci\u00f3n de $ 50.000 millones en los subsidios al transporte y la energ\u00eda para el a\u00f1o que viene.<\/p>\n<p>&nbsp;<\/p>\n<p>La cartera de Producci\u00f3n, de la que es responsable Francisco Cabrera, registra una variaci\u00f3n nominal del 0,8 por ciento, lo que implica un recorte real del 15,5%.<\/p>\n<p>&nbsp;<\/p>\n<p>La reducci\u00f3n m\u00e1s notable se da en la &#8220;definici\u00f3n de pol\u00edticas de comercio interior&#8221;, que pasa de un presupuesto de $ 3.500 millones en 2016 a uno de $ 360 millones para 2017, nominalmente diez veces menos.<\/p>\n<p>&nbsp;<\/p>\n<p>En Agroindustria, la cartera que encabeza Ricardo Bruyaille, la variaci\u00f3n nominal es del 2,8% y el recorte real ronda el 13,9%.<\/p>\n<p>&nbsp;<\/p>\n<p>Uno de los programas que desaparecen es el de &#8220;articulaci\u00f3n de relaciones comunicacionales e institucionales&#8221;, con un presupuesto de $ 867 millones en 2016. En Cultura, la variaci\u00f3n nominal es del 4,4%, con lo que el recorte real ser\u00e1 de alrededor del 12,6%.<\/p>\n<p>&nbsp;<\/p>\n<p>La cartera que encabeza Pablo Avelluto ver\u00e1 as\u00ed reducidos o eliminados programas de acceso a la cultura, como &#8220;consolidaci\u00f3n territorial de pol\u00edticas culturales&#8221;, &#8220;fomento y ampliaci\u00f3n de derechos y de la cultura popular&#8221;, &#8220;acceso igualitario, desarrollo y promoci\u00f3n de los derechos culturales&#8221; y &#8220;difusi\u00f3n de las manifestaciones pol\u00edtico-culturales&#8221;.<\/p>\n<p>&nbsp;<\/p>\n<p>En Salud, el aumento nominal es del 4,9% pero el recorte real suma 12,2%. Se reducen en el Ministerio a cargo de Jorge Lemus, programas sobre &#8220;atenci\u00f3n de la madre y el ni\u00f1o&#8221;, que pasa de $ 4.000 millones a $ 2,000 millones, y &#8220;atenci\u00f3n sanitaria en el territorio&#8221;, que reduce su presupuesto de $ 439 millones en 2016 a $ 258 millones en 2017.<\/p>\n<p>&nbsp;<\/p>\n<p>En el Ministerio de Justicia, con un aumento presupuestario general de 2,6% en t\u00e9rminos reales, se recortaron diversos programas: el de &#8220;promoci\u00f3n y defensa de los derechos humanos&#8221; pas\u00f3 de $ 717 millones a $ 607 millones; el de &#8220;fortalecimiento de procesos judiciales contra delitos de lesa humanidad&#8221;, de $ 23 millones a $ 12 millones, y el de &#8220;formaci\u00f3n universitaria en derechos humanos&#8221;, de $ 98 millones a $ 23 millones.<\/p>\n<p>En la Anses, mientras tanto, se registra un fuerte recorte del plan Progresar, destinado a la formaci\u00f3n de j\u00f3venes pobres, que pasa en t\u00e9rminos nominales de $ 8900 millones a $ 5500 millones.<\/p>\n","protected":false},"excerpt":{"rendered":"<p>Con reducciones de fondos o incrementos nominales por debajo de la inflaci\u00f3n, los recortes reales oscilan entre el 12% y el 31% &nbsp; &nbsp; &nbsp; &nbsp; &nbsp; Los Ministerios de Energ\u00eda, Producci\u00f3n, Agroindustria, Cultura y Salud son los que mayores recortes registran en el proyecto de Presupuesto para el a\u00f1o pr\u00f3ximo. &nbsp; Con reducciones de fondos o incrementos nominales por debajo de la inflaci\u00f3n calculada para el a\u00f1o que viene, los recortes reales en esos ministerios oscilan entre el 12% y el 31%, seg\u00fan public\u00f3 un matutino porte\u00f1o. &nbsp; A&#8230;<\/p>\n","protected":false},"author":3,"featured_media":3158,"comment_status":"closed","ping_status":"closed","sticky":false,"template":"","format":"standard","meta":[],"categories":[2],"tags":[],"_links":{"self":[{"href":"https:\/\/www.actualidadadiario.com\/index.php\/wp-json\/wp\/v2\/posts\/3157"}],"collection":[{"href":"https:\/\/www.actualidadadiario.com\/index.php\/wp-json\/wp\/v2\/posts"}],"about":[{"href":"https:\/\/www.actualidadadiario.com\/index.php\/wp-json\/wp\/v2\/types\/post"}],"author":[{"embeddable":true,"href":"https:\/\/www.actualidadadiario.com\/index.php\/wp-json\/wp\/v2\/users\/3"}],"replies":[{"embeddable":true,"href":"https:\/\/www.actualidadadiario.com\/index.php\/wp-json\/wp\/v2\/comments?post=3157"}],"version-history":[{"count":1,"href":"https:\/\/www.actualidadadiario.com\/index.php\/wp-json\/wp\/v2\/posts\/3157\/revisions"}],"predecessor-version":[{"id":3159,"href":"https:\/\/www.actualidadadiario.com\/index.php\/wp-json\/wp\/v2\/posts\/3157\/revisions\/3159"}],"wp:featuredmedia":[{"embeddable":true,"href":"https:\/\/www.actualidadadiario.com\/index.php\/wp-json\/wp\/v2\/media\/3158"}],"wp:attachment":[{"href":"https:\/\/www.actualidadadiario.com\/index.php\/wp-json\/wp\/v2\/media?parent=3157"}],"wp:term":[{"taxonomy":"category","embeddable":true,"href":"https:\/\/www.actualidadadiario.com\/index.php\/wp-json\/wp\/v2\/categories?post=3157"},{"taxonomy":"post_tag","embeddable":true,"href":"https:\/\/www.actualidadadiario.com\/index.php\/wp-json\/wp\/v2\/tags?post=3157"}],"curies":[{"name":"wp","href":"https:\/\/api.w.org\/{rel}","templated":true}]}}