{"id":315,"date":"2016-08-25T09:08:25","date_gmt":"2016-08-25T12:08:25","guid":{"rendered":"http:\/\/actualidadadiario.com\/site\/?p=315"},"modified":"2016-08-25T09:08:25","modified_gmt":"2016-08-25T12:08:25","slug":"se-brindara-una-capacitacion-en-perspectiva-de-genero-a-estudiantes-y-docentes","status":"publish","type":"post","link":"https:\/\/www.actualidadadiario.com\/index.php\/2016\/08\/25\/se-brindara-una-capacitacion-en-perspectiva-de-genero-a-estudiantes-y-docentes\/","title":{"rendered":"Se brindar\u00e1 una capacitaci\u00f3n en perspectiva de g\u00e9nero a estudiantes y docentes"},"content":{"rendered":"<p><em><strong>El gobierno provincial, a trav\u00e9s de la Subsecretar\u00eda de la Mujer, llevar\u00e1 a cabo en Paran\u00e1 un taller de capacitaci\u00f3n bajo la modalidad de \u201cformador de formadores\u201d en introducci\u00f3n a la perspectiva de g\u00e9nero, destinada a los estudiantes secundarios de quinto a\u00f1o y docentes<\/strong><\/em><\/p>\n<p>&nbsp;<\/p>\n<p>&nbsp;<\/p>\n<p>A trav\u00e9s de esta instancia se busca que estudiantes y profesores se conviertan en futuros multiplicadores de los conocimientos aprehendidos dentro de su comunidad educativa, en este sentido se busca que los docentes act\u00faen como apuntaladores, como tutores, en el momento en que los j\u00f3venes repliquen lo adquirido.<\/p>\n<p>Esta capacitaci\u00f3n se realiza en base a un convenio firmado oportunamente entre la Ministra de Desarrollo Social, Laura Stratta, el presidente del Consejo General de Educaci\u00f3n, Jos\u00e9 Luis Panozzo y el Secretario de la Juventud, Nicol\u00e1s Mathieu.<\/p>\n<p>Se estableci\u00f3 dividir la capacitaci\u00f3n en 3 m\u00f3dulos: introducci\u00f3n a la perspectiva de g\u00e9nero, noviazgo sin violencia y trata y explotaci\u00f3n de personas, y herramientas para el dise\u00f1o de talleres, que ser\u00e1n dictados por integrantes del equipo t\u00e9cnico.<\/p>\n<p>El acto de inicio de este taller se realizar\u00e1 el d\u00eda 29 de agosto a las 8 hs en el sal\u00f3n de actos del Consejo General de Educaci\u00f3n y contar\u00e1 con la presencia de autoridades de los organismos vinculados a la actividad.<\/p>\n<p>En esa primera etapa del taller, a dictarse el lunes 29, se trabajar\u00e1 en introducci\u00f3n a la perspectiva de g\u00e9nero: conceptualizaci\u00f3n, roles y estereotipos.<br \/>\nLa segunda capacitaci\u00f3n se dictar\u00e1 el d\u00eda 7 septiembre en el sal\u00f3n del CGE a las 9 hs y versar\u00e1 sobre noviazgo sin violencia y trata de personas, en tanto que la restante instancia se brindar\u00e1 el d\u00eda 12 de septiembre en el mismo lugar.<\/p>\n<p>Est\u00e1 previsto que esta clase de talleres sea replicado en Concordia y en otras localidades en un futuro.<\/p>\n","protected":false},"excerpt":{"rendered":"<p>El gobierno provincial, a trav\u00e9s de la Subsecretar\u00eda de la Mujer, llevar\u00e1 a cabo en Paran\u00e1 un taller de capacitaci\u00f3n bajo la modalidad de \u201cformador de formadores\u201d en introducci\u00f3n a la perspectiva de g\u00e9nero, destinada a los estudiantes secundarios de quinto a\u00f1o y docentes &nbsp; &nbsp; A trav\u00e9s de esta instancia se busca que estudiantes y profesores se conviertan en futuros multiplicadores de los conocimientos aprehendidos dentro de su comunidad educativa, en este sentido se busca que los docentes act\u00faen como apuntaladores, como tutores, en el momento en que los&#8230;<\/p>\n","protected":false},"author":3,"featured_media":316,"comment_status":"closed","ping_status":"open","sticky":false,"template":"","format":"standard","meta":[],"categories":[4],"tags":[],"_links":{"self":[{"href":"https:\/\/www.actualidadadiario.com\/index.php\/wp-json\/wp\/v2\/posts\/315"}],"collection":[{"href":"https:\/\/www.actualidadadiario.com\/index.php\/wp-json\/wp\/v2\/posts"}],"about":[{"href":"https:\/\/www.actualidadadiario.com\/index.php\/wp-json\/wp\/v2\/types\/post"}],"author":[{"embeddable":true,"href":"https:\/\/www.actualidadadiario.com\/index.php\/wp-json\/wp\/v2\/users\/3"}],"replies":[{"embeddable":true,"href":"https:\/\/www.actualidadadiario.com\/index.php\/wp-json\/wp\/v2\/comments?post=315"}],"version-history":[{"count":1,"href":"https:\/\/www.actualidadadiario.com\/index.php\/wp-json\/wp\/v2\/posts\/315\/revisions"}],"predecessor-version":[{"id":317,"href":"https:\/\/www.actualidadadiario.com\/index.php\/wp-json\/wp\/v2\/posts\/315\/revisions\/317"}],"wp:featuredmedia":[{"embeddable":true,"href":"https:\/\/www.actualidadadiario.com\/index.php\/wp-json\/wp\/v2\/media\/316"}],"wp:attachment":[{"href":"https:\/\/www.actualidadadiario.com\/index.php\/wp-json\/wp\/v2\/media?parent=315"}],"wp:term":[{"taxonomy":"category","embeddable":true,"href":"https:\/\/www.actualidadadiario.com\/index.php\/wp-json\/wp\/v2\/categories?post=315"},{"taxonomy":"post_tag","embeddable":true,"href":"https:\/\/www.actualidadadiario.com\/index.php\/wp-json\/wp\/v2\/tags?post=315"}],"curies":[{"name":"wp","href":"https:\/\/api.w.org\/{rel}","templated":true}]}}