{"id":3145,"date":"2016-10-24T09:59:14","date_gmt":"2016-10-24T12:59:14","guid":{"rendered":"http:\/\/actualidadadiario.com\/site\/?p=3145"},"modified":"2016-10-24T09:59:14","modified_gmt":"2016-10-24T12:59:14","slug":"omar-viviani-lamento-la-quietud-y-el-doble-discurso-de-la-cgt","status":"publish","type":"post","link":"https:\/\/www.actualidadadiario.com\/index.php\/2016\/10\/24\/omar-viviani-lamento-la-quietud-y-el-doble-discurso-de-la-cgt\/","title":{"rendered":"Omar Viviani lament\u00f3 &#8220;la quietud y el doble discurso de la CGT&#8221;"},"content":{"rendered":"<p><em><strong>El l\u00edder del Movimiento de Acci\u00f3n Sindical Argentino (Masa) y del Sindicato de Peones de Taxis (SPT), afirm\u00f3 que &#8220;la CGT carece de &#8220;un programa y objetivos claros&#8221; y agreg\u00f3 sentir &#8220;dolor&#8221; por &#8220;su realidad&#8221; y porque &#8220;est\u00e1 siendo vapuleada de forma constante por la ausencia de rumbo&#8221;<\/strong><\/em><\/p>\n<p>&nbsp;<\/p>\n<p>&nbsp;<\/p>\n<p>&nbsp;<\/p>\n<p>&nbsp;<\/p>\n<p>&nbsp;<\/p>\n<p>El tambi\u00e9n titular de la Federaci\u00f3n de Taxistas dijo sentir dolor por &#8220;la quietud y el doble discurso de los tres secretarios generales de la CGT, seg\u00fan algunos afiches callejeros aparecidos esta semana&#8221;, y sostuvo que ello &#8220;duele&#8221;, porque &#8220;la central obrera fue el baluarte y la columna vertebral del justicialismo&#8221;.<\/p>\n<p>&nbsp;<\/p>\n<p>&#8220;El movimiento obrero debe reflexionar acabadamente cu\u00e1l es el mejor camino a adoptar. Porque elegir el mejor camino para el movimiento obrero significar\u00eda hacerlo para el pa\u00eds&#8221;, afirm\u00f3 Viviani a T\u00e9lam.<\/p>\n<p>&nbsp;<\/p>\n<p>Viviani tuvo duros conceptos para quienes acompa\u00f1an a &#8220;un gobierno liberal y creen que de esa forma hacen peronismo&#8221; -en obvia alusi\u00f3n a sectores como las 62 Organizaciones que lidera el jefe de los rurales, Ger\u00f3nimo Venegas- a los que calific\u00f3 como &#8220;traidores a Juan Per\u00f3n, Evita, los trabajadores y la Patria&#8221;; lament\u00f3 &#8220;la divisi\u00f3n del justicialismo&#8221; y convoc\u00f3 a &#8220;escuchar al pueblo y a los jubilados, quienes perciben un haber m\u00ednimo&#8221;.<\/p>\n<p>&nbsp;<\/p>\n<p>&#8220;Como gran desprendimiento, el Gobierno nacional decidi\u00f3 otorgarles un bono de fin de a\u00f1o de 1.000 pesos, es decir, tres pesos por d\u00eda o 100 gramos de pan diario&#8221;, puntualiz\u00f3 Viviani.<\/p>\n<p>El dirigente dijo a T\u00e9lam que &#8220;duele&#8221; la realidad de la CGT y asever\u00f3 no visualizar la posibilidad de que &#8220;se convoque hoy a un nuevo Congreso obrero para agrupar a todos los sectores gremiales&#8221;, a la vez que indic\u00f3 que en el seno del consejo directivo cegetista ya &#8220;existen discusiones importantes&#8221; como consecuencia de &#8220;la falta de conducci\u00f3n del movimiento obrero&#8221;.<\/p>\n","protected":false},"excerpt":{"rendered":"<p>El l\u00edder del Movimiento de Acci\u00f3n Sindical Argentino (Masa) y del Sindicato de Peones de Taxis (SPT), afirm\u00f3 que &#8220;la CGT carece de &#8220;un programa y objetivos claros&#8221; y agreg\u00f3 sentir &#8220;dolor&#8221; por &#8220;su realidad&#8221; y porque &#8220;est\u00e1 siendo vapuleada de forma constante por la ausencia de rumbo&#8221; &nbsp; &nbsp; &nbsp; &nbsp; &nbsp; El tambi\u00e9n titular de la Federaci\u00f3n de Taxistas dijo sentir dolor por &#8220;la quietud y el doble discurso de los tres secretarios generales de la CGT, seg\u00fan algunos afiches callejeros aparecidos esta semana&#8221;, y sostuvo que ello&#8230;<\/p>\n","protected":false},"author":3,"featured_media":3146,"comment_status":"closed","ping_status":"closed","sticky":false,"template":"","format":"standard","meta":[],"categories":[18],"tags":[],"_links":{"self":[{"href":"https:\/\/www.actualidadadiario.com\/index.php\/wp-json\/wp\/v2\/posts\/3145"}],"collection":[{"href":"https:\/\/www.actualidadadiario.com\/index.php\/wp-json\/wp\/v2\/posts"}],"about":[{"href":"https:\/\/www.actualidadadiario.com\/index.php\/wp-json\/wp\/v2\/types\/post"}],"author":[{"embeddable":true,"href":"https:\/\/www.actualidadadiario.com\/index.php\/wp-json\/wp\/v2\/users\/3"}],"replies":[{"embeddable":true,"href":"https:\/\/www.actualidadadiario.com\/index.php\/wp-json\/wp\/v2\/comments?post=3145"}],"version-history":[{"count":1,"href":"https:\/\/www.actualidadadiario.com\/index.php\/wp-json\/wp\/v2\/posts\/3145\/revisions"}],"predecessor-version":[{"id":3147,"href":"https:\/\/www.actualidadadiario.com\/index.php\/wp-json\/wp\/v2\/posts\/3145\/revisions\/3147"}],"wp:featuredmedia":[{"embeddable":true,"href":"https:\/\/www.actualidadadiario.com\/index.php\/wp-json\/wp\/v2\/media\/3146"}],"wp:attachment":[{"href":"https:\/\/www.actualidadadiario.com\/index.php\/wp-json\/wp\/v2\/media?parent=3145"}],"wp:term":[{"taxonomy":"category","embeddable":true,"href":"https:\/\/www.actualidadadiario.com\/index.php\/wp-json\/wp\/v2\/categories?post=3145"},{"taxonomy":"post_tag","embeddable":true,"href":"https:\/\/www.actualidadadiario.com\/index.php\/wp-json\/wp\/v2\/tags?post=3145"}],"curies":[{"name":"wp","href":"https:\/\/api.w.org\/{rel}","templated":true}]}}