{"id":3142,"date":"2016-10-24T09:58:27","date_gmt":"2016-10-24T12:58:27","guid":{"rendered":"http:\/\/actualidadadiario.com\/site\/?p=3142"},"modified":"2016-10-24T09:58:27","modified_gmt":"2016-10-24T12:58:27","slug":"tarifazo-sin-limites-edenor-y-edesur-ya-planean-nuevos-aumentos-para-el-ano-que-viene","status":"publish","type":"post","link":"https:\/\/www.actualidadadiario.com\/index.php\/2016\/10\/24\/tarifazo-sin-limites-edenor-y-edesur-ya-planean-nuevos-aumentos-para-el-ano-que-viene\/","title":{"rendered":"Tarifazo sin l\u00edmites: Edenor y Edesur ya planean nuevos aumentos para el a\u00f1o que viene"},"content":{"rendered":"<p><em><strong>La brutal suba en los servicios que afecta a los argentinos parece reci\u00e9n comenzar, ya que seg\u00fan trascendi\u00f3, las compa\u00f1\u00edas de energ\u00eda el\u00e9ctrica le pedir\u00e1n al Gobierno que les autoricen nuevos incrementos en las facturas a partir del 2017. Rondar\u00edan en torno al 31 por ciento<\/strong><\/em><\/p>\n<p>&nbsp;<\/p>\n<p>&nbsp;<\/p>\n<p>&nbsp;<\/p>\n<p>&nbsp;<\/p>\n<p>Como si con los brutales aumentos en las tarifas implementados por el Gobierno no hubieran complicado ya demasiado la vida de los argentinos, Edenor y Edesur planean nuevas subas para el 2017 que llegar\u00edan al 31 por ciento.<\/p>\n<p>&nbsp;<\/p>\n<p>De acuerdo con La Naci\u00f3n, trascendi\u00f3 que las empresas distribuidoras de energ\u00eda le solicitar\u00e1n al Gobierno que apruebe los incrementos, luego que el ministro de Energ\u00eda, Juan Jos\u00e9 Aranguren, anunciara que las compa\u00f1\u00edas realizar\u00e1n inversiones de 8 millones de pesos a partir del pr\u00f3ximo a\u00f1o.<\/p>\n<p>&nbsp;<\/p>\n<p>As\u00ed, Edesur &#8220;invertir\u00e1 3.300 millones de pesos hasta fines de 2017 para ampliar su capacidad de generaci\u00f3n y transporte de energ\u00eda el\u00e9ctrica&#8221;, mientras que Edenor &#8220;inyectar\u00e1 5.000 millones de pesos en el mismo plazo para conseguir el mismo objetivo&#8221;, seg\u00fan afirm\u00f3 el funcionario nacional.<\/p>\n<p>&nbsp;<\/p>\n<p>Estas inversiones ser\u00e1n pagadas por los usuarios, ya que las empresas estiman que la suba rondar\u00e1 entre el 30 por ciento y el 31 por ciento, y comenzar\u00eda a aplicarse a partir de febrero.<\/p>\n<p>&nbsp;<\/p>\n<p>Seg\u00fan Infobae, a la factura final se sumar\u00e1n los incrementos del transporte y la generaci\u00f3n de electricidad. As\u00ed, para calcular el aumento, las empresas tomaron como base diciembre de 2015, as\u00ed que no se descarta que las subas sean superiores.<\/p>\n<p>&nbsp;<\/p>\n<p>Este pr\u00f3ximo viernes ambas firmas ir\u00e1n por primera vez a una audiencia p\u00fablica en 24 a\u00f1os, como parte de la revisi\u00f3n integral de tarifas (RTI). Se realizar\u00e1 en el porte\u00f1o Teatro de la Ribera, en el barrio porte\u00f1o de La Boca a partir de las 9 de la ma\u00f1ana.<\/p>\n<p>&nbsp;<\/p>\n<p>Seg\u00fan se adelant\u00f3, el primer aumento tarifario de 2017 podr\u00eda llegar en febrero y la cifra final se conocer\u00e1 durante la audiencia del viernes.<\/p>\n","protected":false},"excerpt":{"rendered":"<p>La brutal suba en los servicios que afecta a los argentinos parece reci\u00e9n comenzar, ya que seg\u00fan trascendi\u00f3, las compa\u00f1\u00edas de energ\u00eda el\u00e9ctrica le pedir\u00e1n al Gobierno que les autoricen nuevos incrementos en las facturas a partir del 2017. Rondar\u00edan en torno al 31 por ciento &nbsp; &nbsp; &nbsp; &nbsp; Como si con los brutales aumentos en las tarifas implementados por el Gobierno no hubieran complicado ya demasiado la vida de los argentinos, Edenor y Edesur planean nuevas subas para el 2017 que llegar\u00edan al 31 por ciento. &nbsp; De&#8230;<\/p>\n","protected":false},"author":3,"featured_media":3143,"comment_status":"closed","ping_status":"closed","sticky":false,"template":"","format":"standard","meta":[],"categories":[2],"tags":[],"_links":{"self":[{"href":"https:\/\/www.actualidadadiario.com\/index.php\/wp-json\/wp\/v2\/posts\/3142"}],"collection":[{"href":"https:\/\/www.actualidadadiario.com\/index.php\/wp-json\/wp\/v2\/posts"}],"about":[{"href":"https:\/\/www.actualidadadiario.com\/index.php\/wp-json\/wp\/v2\/types\/post"}],"author":[{"embeddable":true,"href":"https:\/\/www.actualidadadiario.com\/index.php\/wp-json\/wp\/v2\/users\/3"}],"replies":[{"embeddable":true,"href":"https:\/\/www.actualidadadiario.com\/index.php\/wp-json\/wp\/v2\/comments?post=3142"}],"version-history":[{"count":1,"href":"https:\/\/www.actualidadadiario.com\/index.php\/wp-json\/wp\/v2\/posts\/3142\/revisions"}],"predecessor-version":[{"id":3144,"href":"https:\/\/www.actualidadadiario.com\/index.php\/wp-json\/wp\/v2\/posts\/3142\/revisions\/3144"}],"wp:featuredmedia":[{"embeddable":true,"href":"https:\/\/www.actualidadadiario.com\/index.php\/wp-json\/wp\/v2\/media\/3143"}],"wp:attachment":[{"href":"https:\/\/www.actualidadadiario.com\/index.php\/wp-json\/wp\/v2\/media?parent=3142"}],"wp:term":[{"taxonomy":"category","embeddable":true,"href":"https:\/\/www.actualidadadiario.com\/index.php\/wp-json\/wp\/v2\/categories?post=3142"},{"taxonomy":"post_tag","embeddable":true,"href":"https:\/\/www.actualidadadiario.com\/index.php\/wp-json\/wp\/v2\/tags?post=3142"}],"curies":[{"name":"wp","href":"https:\/\/api.w.org\/{rel}","templated":true}]}}