{"id":3140,"date":"2016-10-24T09:57:43","date_gmt":"2016-10-24T12:57:43","guid":{"rendered":"http:\/\/actualidadadiario.com\/site\/?p=3140"},"modified":"2016-10-24T09:57:43","modified_gmt":"2016-10-24T12:57:43","slug":"pese-a-las-presiones-el-macrismo-dice-que-el-objetivo-no-es-remover-a-gils-carbo","status":"publish","type":"post","link":"https:\/\/www.actualidadadiario.com\/index.php\/2016\/10\/24\/pese-a-las-presiones-el-macrismo-dice-que-el-objetivo-no-es-remover-a-gils-carbo\/","title":{"rendered":"Pese a las presiones, el macrismo dice que &#8220;el objetivo no es remover a Gils Carb\u00f3&#8221;"},"content":{"rendered":"<p><em><strong>Lo afirm\u00f3 el jefe del bloque de Diputados del PRO, Nicol\u00e1s Massot, al analizar la reforma del Ministerio P\u00fablico Fiscal<\/strong><\/em><\/p>\n<p>&nbsp;<\/p>\n<p>&nbsp;<\/p>\n<p>&nbsp;<\/p>\n<p>&nbsp;<\/p>\n<p>&nbsp;<\/p>\n<p>&nbsp;<\/p>\n<p>El Gobierno y hasta el ministro de Justicia presionan para que la titular del Ministerio P\u00fablico Fiscal sea apartada. Pese a ello, desde el PRO salieron a afirmar que &#8220;el objetivo&#8221; con la reforma de la Procuraci\u00f3n no es remover a Alejandra Gils Carb\u00f3.<\/p>\n<p>&nbsp;<\/p>\n<p>&#8220;Si la reforma tuviera como objetivo correr a la Procuradora actual, tendr\u00eda una sola reforma pero es ampl\u00edsima e integral sobre much\u00edsimos aspectos&#8221;, afirm\u00f3 el jefe del bloque de Diputados del PRO, Nicol\u00e1s Massot.<\/p>\n<p>&nbsp;<\/p>\n<p>&#8220;No es el objetivo de la reforma remover a Gils Carb\u00f3. Siempre dijimos que Gils Carb\u00f3 ten\u00eda que irse. Gils Carb\u00f3 ten\u00eda dos oportunidades: ser la procuradora de la Naci\u00f3n o ser la procuradora del anterior gobierno y eligi\u00f3 la segunda. Nosotros necesitamos un procurador de la Naci\u00f3n y no un procurador de un gobierno&#8221;, agreg\u00f3 el legislador. &#8220;Le llueven las denuncias en el nombramiento de los fiscales&#8221;, cerr\u00f3.<\/p>\n","protected":false},"excerpt":{"rendered":"<p>Lo afirm\u00f3 el jefe del bloque de Diputados del PRO, Nicol\u00e1s Massot, al analizar la reforma del Ministerio P\u00fablico Fiscal &nbsp; &nbsp; &nbsp; &nbsp; &nbsp; &nbsp; El Gobierno y hasta el ministro de Justicia presionan para que la titular del Ministerio P\u00fablico Fiscal sea apartada. Pese a ello, desde el PRO salieron a afirmar que &#8220;el objetivo&#8221; con la reforma de la Procuraci\u00f3n no es remover a Alejandra Gils Carb\u00f3. &nbsp; &#8220;Si la reforma tuviera como objetivo correr a la Procuradora actual, tendr\u00eda una sola reforma pero es ampl\u00edsima e&#8230;<\/p>\n","protected":false},"author":3,"featured_media":2886,"comment_status":"closed","ping_status":"closed","sticky":false,"template":"","format":"standard","meta":[],"categories":[18],"tags":[],"_links":{"self":[{"href":"https:\/\/www.actualidadadiario.com\/index.php\/wp-json\/wp\/v2\/posts\/3140"}],"collection":[{"href":"https:\/\/www.actualidadadiario.com\/index.php\/wp-json\/wp\/v2\/posts"}],"about":[{"href":"https:\/\/www.actualidadadiario.com\/index.php\/wp-json\/wp\/v2\/types\/post"}],"author":[{"embeddable":true,"href":"https:\/\/www.actualidadadiario.com\/index.php\/wp-json\/wp\/v2\/users\/3"}],"replies":[{"embeddable":true,"href":"https:\/\/www.actualidadadiario.com\/index.php\/wp-json\/wp\/v2\/comments?post=3140"}],"version-history":[{"count":1,"href":"https:\/\/www.actualidadadiario.com\/index.php\/wp-json\/wp\/v2\/posts\/3140\/revisions"}],"predecessor-version":[{"id":3141,"href":"https:\/\/www.actualidadadiario.com\/index.php\/wp-json\/wp\/v2\/posts\/3140\/revisions\/3141"}],"wp:featuredmedia":[{"embeddable":true,"href":"https:\/\/www.actualidadadiario.com\/index.php\/wp-json\/wp\/v2\/media\/2886"}],"wp:attachment":[{"href":"https:\/\/www.actualidadadiario.com\/index.php\/wp-json\/wp\/v2\/media?parent=3140"}],"wp:term":[{"taxonomy":"category","embeddable":true,"href":"https:\/\/www.actualidadadiario.com\/index.php\/wp-json\/wp\/v2\/categories?post=3140"},{"taxonomy":"post_tag","embeddable":true,"href":"https:\/\/www.actualidadadiario.com\/index.php\/wp-json\/wp\/v2\/tags?post=3140"}],"curies":[{"name":"wp","href":"https:\/\/api.w.org\/{rel}","templated":true}]}}