{"id":3137,"date":"2016-10-24T09:56:54","date_gmt":"2016-10-24T12:56:54","guid":{"rendered":"http:\/\/actualidadadiario.com\/site\/?p=3137"},"modified":"2016-10-24T09:56:54","modified_gmt":"2016-10-24T12:56:54","slug":"activan-plan-para-evitar-desborde-social","status":"publish","type":"post","link":"https:\/\/www.actualidadadiario.com\/index.php\/2016\/10\/24\/activan-plan-para-evitar-desborde-social\/","title":{"rendered":"Activan plan para evitar desborde social"},"content":{"rendered":"<p><em><strong>El gobernador de Santa Fe, el socialista Miguel Lifschitz, asegur\u00f3 que no ve &#8220;situaciones de riesgo&#8221;, ni un aumento de la &#8220;conflictividad social&#8221; hacia los \u00faltimos d\u00edas del a\u00f1o pero, sin embargo, anunci\u00f3 que su Gobierno ya puso en marcha un programa de &#8220;acci\u00f3n preventiva&#8221; con la intervenci\u00f3n de fuerzas de seguridad para &#8220;evitar cualquier tipo de desbordes&#8221; en los barrios vulnerables de las ciudades m\u00e1s importantes de la provincia<\/strong><\/em><\/p>\n<p>&nbsp;<\/p>\n<p>&nbsp;<\/p>\n<p>&nbsp;<\/p>\n<p>&nbsp;<\/p>\n<p>&nbsp;<\/p>\n<p>&nbsp;<\/p>\n<p>&nbsp;<\/p>\n<p>&nbsp;<\/p>\n<p>&nbsp;<\/p>\n<p>&nbsp;<\/p>\n<p>&#8220;La posibilidad de que puedan reavivarse algunos conflictos sociales o demandas de alimentos cuando se acerca fin de a\u00f1o son hip\u00f3tesis que siempre aparecen en esta fechas, pero nosotros no percibimos que eso pueda suceder. No visualizamos una situaci\u00f3n de riesgo&#8221;, dijo el gobernador.<\/p>\n<p>&nbsp;<\/p>\n<p>&nbsp;<\/p>\n<p>&nbsp;<\/p>\n<p>Lifschitz asegur\u00f3 que tanto en Rosario como en la capital provincial, Santa Fe (los dos centro urbanos con mayores bolsones de pobreza de la provincia) &#8220;no hay situaciones que hagan pensar en este tipo de manifestaciones&#8221;.<\/p>\n<p>&nbsp;<\/p>\n<p>&nbsp;<\/p>\n<p>&nbsp;<\/p>\n<p>Sin embargo, el mandatario socialista asegur\u00f3 que su Gobierno se &#8220;est\u00e1 preparando&#8221; para contener &#8220;demandas puntuales que pudieran surgir de los barrios m\u00e1s vulnerables&#8221; en los d\u00edas pr\u00f3ximos a las fiestas navide\u00f1as y anticip\u00f3 la puesta en marcha de un &#8220;programa de acci\u00f3n preventiva (con la intervenci\u00f3n) de fuerzas de seguridad para evitar cualquier tipo de desbordes&#8221;.<\/p>\n<p>&nbsp;<\/p>\n<p>&nbsp;<\/p>\n<p>&nbsp;<\/p>\n<p>En otro orden, el gobernador reiter\u00f3 que su provincia, como otras, tendr\u00e1 &#8220;serias dificultades&#8221; para entregar un bono de fin de a\u00f1o a trabajadores estatales, algo a\u00fan no oficializado por el Ejecutivo nacional, pero que -seg\u00fan trascendi\u00f3- planea anunciar en los pr\u00f3ximos d\u00edas.<\/p>\n<p>&nbsp;<\/p>\n<p>&nbsp;<\/p>\n<p>&nbsp;<\/p>\n<p>&#8220;Como todas las provincias tenemos serias dificultades para introducir cambios en la pol\u00edtica salarial cuando nuestros presupuestos ya est\u00e1n ejecutados&#8221;, evalu\u00f3 el dirigente socialista, aunque se mostr\u00f3 &#8220;sensible&#8221; frente a la demanda de compensaciones de ingresos por parte de los distintos gremios.<\/p>\n<p>&nbsp;<\/p>\n<p>&nbsp;<\/p>\n<p>&nbsp;<\/p>\n<p>El posible otorgamiento de un bono de fin de a\u00f1o para empleados estatales nacionales y provinciales puso en alerta a los gobernadores y algunos de ellos salieron a marcar las &#8220;dificultades&#8221; financieras que tendr\u00edan sus distritos para cumplir con esa medida.<\/p>\n<p>&nbsp;<\/p>\n<p>&nbsp;<\/p>\n<p>&nbsp;<\/p>\n<p>Sin embargo, provincias como Corrientes, San Luis, Salta, Tucum\u00e1n y San Juan ya confirmaron que otorgar\u00e1n compensaciones extraordinarias de fin de a\u00f1o.<\/p>\n","protected":false},"excerpt":{"rendered":"<p>El gobernador de Santa Fe, el socialista Miguel Lifschitz, asegur\u00f3 que no ve &#8220;situaciones de riesgo&#8221;, ni un aumento de la &#8220;conflictividad social&#8221; hacia los \u00faltimos d\u00edas del a\u00f1o pero, sin embargo, anunci\u00f3 que su Gobierno ya puso en marcha un programa de &#8220;acci\u00f3n preventiva&#8221; con la intervenci\u00f3n de fuerzas de seguridad para &#8220;evitar cualquier tipo de desbordes&#8221; en los barrios vulnerables de las ciudades m\u00e1s importantes de la provincia &nbsp; &nbsp; &nbsp; &nbsp; &nbsp; &nbsp; &nbsp; &nbsp; &nbsp; &nbsp; &#8220;La posibilidad de que puedan reavivarse algunos conflictos sociales o&#8230;<\/p>\n","protected":false},"author":3,"featured_media":3138,"comment_status":"closed","ping_status":"closed","sticky":false,"template":"","format":"standard","meta":[],"categories":[2],"tags":[],"_links":{"self":[{"href":"https:\/\/www.actualidadadiario.com\/index.php\/wp-json\/wp\/v2\/posts\/3137"}],"collection":[{"href":"https:\/\/www.actualidadadiario.com\/index.php\/wp-json\/wp\/v2\/posts"}],"about":[{"href":"https:\/\/www.actualidadadiario.com\/index.php\/wp-json\/wp\/v2\/types\/post"}],"author":[{"embeddable":true,"href":"https:\/\/www.actualidadadiario.com\/index.php\/wp-json\/wp\/v2\/users\/3"}],"replies":[{"embeddable":true,"href":"https:\/\/www.actualidadadiario.com\/index.php\/wp-json\/wp\/v2\/comments?post=3137"}],"version-history":[{"count":1,"href":"https:\/\/www.actualidadadiario.com\/index.php\/wp-json\/wp\/v2\/posts\/3137\/revisions"}],"predecessor-version":[{"id":3139,"href":"https:\/\/www.actualidadadiario.com\/index.php\/wp-json\/wp\/v2\/posts\/3137\/revisions\/3139"}],"wp:featuredmedia":[{"embeddable":true,"href":"https:\/\/www.actualidadadiario.com\/index.php\/wp-json\/wp\/v2\/media\/3138"}],"wp:attachment":[{"href":"https:\/\/www.actualidadadiario.com\/index.php\/wp-json\/wp\/v2\/media?parent=3137"}],"wp:term":[{"taxonomy":"category","embeddable":true,"href":"https:\/\/www.actualidadadiario.com\/index.php\/wp-json\/wp\/v2\/categories?post=3137"},{"taxonomy":"post_tag","embeddable":true,"href":"https:\/\/www.actualidadadiario.com\/index.php\/wp-json\/wp\/v2\/tags?post=3137"}],"curies":[{"name":"wp","href":"https:\/\/api.w.org\/{rel}","templated":true}]}}