{"id":3131,"date":"2016-10-24T09:55:21","date_gmt":"2016-10-24T12:55:21","guid":{"rendered":"http:\/\/actualidadadiario.com\/site\/?p=3131"},"modified":"2016-10-24T09:55:21","modified_gmt":"2016-10-24T12:55:21","slug":"conmocion-por-triple-femicidio-en-mendoza","status":"publish","type":"post","link":"https:\/\/www.actualidadadiario.com\/index.php\/2016\/10\/24\/conmocion-por-triple-femicidio-en-mendoza\/","title":{"rendered":"Conmoci\u00f3n por triple femicidio en Mendoza"},"content":{"rendered":"<p><em><strong>Tres mujeres fueron asesinadas a pu\u00f1aladas y dos ni\u00f1os resultaron gravemente heridos en una casa del departamento mendocino de Godoy Cruz y por el m\u00faltiple ataque detuvieron a la pareja de una de las v\u00edctimas, informaron fuentes policiales y judiciales<\/strong><\/em><\/p>\n<p>&nbsp;<\/p>\n<p>&nbsp;<\/p>\n<p>&nbsp;<\/p>\n<p>&nbsp;<\/p>\n<p>&nbsp;<\/p>\n<p>&nbsp;<\/p>\n<p>El ataque ocurri\u00f3 este domingo alrededor de las 9, en una vivienda situada en la calle Entre R\u00edos 1867, en el barrio Trapiche de dicho departamento cercano a Mendoza Capital, donde Claudia Lorena Arias (31) se encontraba junto a tres de sus hijos menores de edad, su t\u00eda Marta Susana Ort\u00edz (45) y su abuela Silvia Vicenta D\u00edaz de Ort\u00edz (90).<\/p>\n<p>&nbsp;<\/p>\n<p>Seg\u00fan las fuentes, la vivienda pertenec\u00eda a la anciana, conocida por los vecinos como &#8220;Do\u00f1a \u00d1ata&#8221;, mientras que las otras dos mujeres sol\u00edan visitarla con frecuencia para cuidarla.<\/p>\n<p>&nbsp;<\/p>\n<p>De acuerdo a los voceros, al momento del ataque, Arias estaba acompa\u00f1ada de su beb\u00e9 de 10 meses, y sus hijos de 11 y 8 a\u00f1os, \u00e9ste \u00faltimo quien pudo escapar del agresor, esconderse en el ba\u00fal de un auto estacionado en la casa y llamar por tel\u00e9fono celular a su abuela, Miriam Ort\u00edz, para avisarle de lo ocurrido.<\/p>\n<p>&nbsp;<\/p>\n<p>El ministro de Seguridad de Mendoza, Gianni Venier, explic\u00f3 a la prensa que el nene le dijo a su abuela: &#8220;Pap\u00e1 mat\u00f3 a mam\u00e1&#8221;.<\/p>\n<p>&nbsp;<\/p>\n<p>Cuando la Polic\u00eda lleg\u00f3 al lugar del hecho encontr\u00f3 a Arias, Ort\u00edz y a &#8220;Do\u00f1a \u00d1ata&#8221; muertas y a la beb\u00e9 y al ni\u00f1o de 11 a\u00f1os gravemente heridos, dijeron los informantes.<\/p>\n<p>&nbsp;<\/p>\n<p>Seg\u00fan las fuentes, en la escena del crimen los efectivos advirtieron que antes de huir el agresor hab\u00eda dejado una hornalla de la cocina con el gas abierto y una vela encendida con la intenci\u00f3n de generar una explosi\u00f3n e incendio y borrar las huellas del hecho.<\/p>\n<p>&nbsp;<\/p>\n<p>Poco despu\u00e9s, el presunto autor del ataque, identificado por la Justicia como Daniel Gonzalo Zalazar Quiroga (30), se present\u00f3 en el Hospital Central de la capital mendocina con un corte en un brazo y dijo que hab\u00eda sido herido durante un asalto aunque qued\u00f3 detenido a disposici\u00f3n del fiscal Santiago Garay.<\/p>\n<p>&nbsp;<\/p>\n<p>Esta noche, el fiscal de la causa imput\u00f3 formalmente a Zalazar del homicidio agravado por femicidio de Arias, de los homicidios simples de Ort\u00edz y D\u00edaz, y de las tentativas de homicidio agravado por alevos\u00eda de los dos menores, en el caso de la beba calificado tambi\u00e9n por el v\u00ednculo, todos en concurso real, precisaron fuentes judiciales.<\/p>\n<p>&nbsp;<\/p>\n<p>Los investigadores establecieron que el acusado, oriundo de la provincia de Santa Cruz, manten\u00eda una relaci\u00f3n de pareja con Arias y trabajaba como profesor de artes marciales.<\/p>\n<p>&nbsp;<\/p>\n<p>En ese sentido, los pesquisas creen que uno de los conflictos que manten\u00eda Zalazar con la mujer era porque \u00e9l aparentemente no quer\u00eda reconocer su paternidad sobre la beb\u00e9, quien fue internada en el Hospital Pedi\u00e1trico Humberto Notti de la capital mendocina al igual que el ni\u00f1o de 11 a\u00f1os.<\/p>\n<p>&nbsp;<\/p>\n<p>El director m\u00e9dico de ese centro asistencial, Rub\u00e9n Rufeil, explic\u00f3 que ambos pacientes corren &#8220;riesgo de vida&#8221; y que el nene debi\u00f3 ser intervenido quir\u00fargicamente a ra\u00edz de una grave herida punzo cortante en la zona &#8220;toracoabdominal&#8221;.<\/p>\n<p>&nbsp;<\/p>\n<p>Respecto a la beba, Rufeil se\u00f1al\u00f3 que presentaba &#8220;una herida en el cuello&#8221; y &#8220;un corte en la boca&#8221;, por lo que debi\u00f3 ser alojada en la sala de cuidados intensivos.<\/p>\n<p>&nbsp;<\/p>\n<p>El \u00faltimo parte m\u00e9dico indic\u00f3 que los dos heridos permanec\u00edan internados &#8220;estables&#8221; pero en &#8220;estado cr\u00edtico&#8221; y con respirador artificial, a\u00f1adieron los voceros.<\/p>\n<p>&nbsp;<\/p>\n<p>&#8220;Es un psic\u00f3pata que no puede alegar ninguna emoci\u00f3n violenta ni un estado transitorio de inimputabilidad porque la actitud posterior al delito es t\u00edpico de quien tiene el manejo de la situaci\u00f3n y de sus condiciones mentales&#8221;, sostuvo el ministro sobre el autor del m\u00faltiple ataque.<\/p>\n<p>&nbsp;<\/p>\n<p>Mientras que la coordinadora de la Procuraci\u00f3n General de Mendoza, Teresa Day, a\u00f1adi\u00f3 en conferencia de prensa que se corrobor\u00f3 &#8220;inmediatamente&#8221; que &#8220;no hab\u00eda denuncias previas sobre violencia de g\u00e9nero&#8221; en contra del ahora detenido.<\/p>\n<p>&nbsp;<\/p>\n<p>En tanto, el informe preliminar de las autopsias practicas esta tarde a los cuerpos de las tres mujeres asesinadas revel\u00f3 que las v\u00edctimas murieron por m\u00faltiples heridas de arma blanca en cuello, rostro y cr\u00e1neo, concluyeron los informantes judiciales.<\/p>\n<p>&nbsp;<\/p>\n<p>Este caso ocurri\u00f3 d\u00edas despu\u00e9s de la multitudinaria marcha nacional &#8220;NiUnaMenos&#8221; y a menos de un mes de otros cuatro femicidios cometidos en distintos puntos de la provincia de Mendoza en perjuicio de Julieta Gonz\u00e1lez (21), Janet Zapata (35), Ayel\u00e9n Arroyo (19) y Doelinda Trop\u00e1n (41).<\/p>\n<p>&nbsp;<\/p>\n<p>El triple femicidio de esta ma\u00f1ana gener\u00f3 una gran consternaci\u00f3n en Godoy Cruz, donde Zalazar daba clases de Taekwon-Do, incluso a ni\u00f1os, y publicaba en la red social Facebook fotograf\u00edas entrenado junto a sus alumnos.<\/p>\n","protected":false},"excerpt":{"rendered":"<p>Tres mujeres fueron asesinadas a pu\u00f1aladas y dos ni\u00f1os resultaron gravemente heridos en una casa del departamento mendocino de Godoy Cruz y por el m\u00faltiple ataque detuvieron a la pareja de una de las v\u00edctimas, informaron fuentes policiales y judiciales &nbsp; &nbsp; &nbsp; &nbsp; &nbsp; &nbsp; El ataque ocurri\u00f3 este domingo alrededor de las 9, en una vivienda situada en la calle Entre R\u00edos 1867, en el barrio Trapiche de dicho departamento cercano a Mendoza Capital, donde Claudia Lorena Arias (31) se encontraba junto a tres de sus hijos menores&#8230;<\/p>\n","protected":false},"author":3,"featured_media":3132,"comment_status":"closed","ping_status":"closed","sticky":false,"template":"","format":"standard","meta":[],"categories":[2],"tags":[],"_links":{"self":[{"href":"https:\/\/www.actualidadadiario.com\/index.php\/wp-json\/wp\/v2\/posts\/3131"}],"collection":[{"href":"https:\/\/www.actualidadadiario.com\/index.php\/wp-json\/wp\/v2\/posts"}],"about":[{"href":"https:\/\/www.actualidadadiario.com\/index.php\/wp-json\/wp\/v2\/types\/post"}],"author":[{"embeddable":true,"href":"https:\/\/www.actualidadadiario.com\/index.php\/wp-json\/wp\/v2\/users\/3"}],"replies":[{"embeddable":true,"href":"https:\/\/www.actualidadadiario.com\/index.php\/wp-json\/wp\/v2\/comments?post=3131"}],"version-history":[{"count":1,"href":"https:\/\/www.actualidadadiario.com\/index.php\/wp-json\/wp\/v2\/posts\/3131\/revisions"}],"predecessor-version":[{"id":3133,"href":"https:\/\/www.actualidadadiario.com\/index.php\/wp-json\/wp\/v2\/posts\/3131\/revisions\/3133"}],"wp:featuredmedia":[{"embeddable":true,"href":"https:\/\/www.actualidadadiario.com\/index.php\/wp-json\/wp\/v2\/media\/3132"}],"wp:attachment":[{"href":"https:\/\/www.actualidadadiario.com\/index.php\/wp-json\/wp\/v2\/media?parent=3131"}],"wp:term":[{"taxonomy":"category","embeddable":true,"href":"https:\/\/www.actualidadadiario.com\/index.php\/wp-json\/wp\/v2\/categories?post=3131"},{"taxonomy":"post_tag","embeddable":true,"href":"https:\/\/www.actualidadadiario.com\/index.php\/wp-json\/wp\/v2\/tags?post=3131"}],"curies":[{"name":"wp","href":"https:\/\/api.w.org\/{rel}","templated":true}]}}