{"id":3128,"date":"2016-10-24T09:54:28","date_gmt":"2016-10-24T12:54:28","guid":{"rendered":"http:\/\/actualidadadiario.com\/site\/?p=3128"},"modified":"2016-10-24T09:54:28","modified_gmt":"2016-10-24T12:54:28","slug":"macri-recibe-a-tabare-y-busca-dejar-atras-crisis-por-pasteras","status":"publish","type":"post","link":"https:\/\/www.actualidadadiario.com\/index.php\/2016\/10\/24\/macri-recibe-a-tabare-y-busca-dejar-atras-crisis-por-pasteras\/","title":{"rendered":"Macri recibe a Tabar\u00e9 y busca dejar atr\u00e1s crisis por pasteras"},"content":{"rendered":"<p><em><strong>Expectativa por difusi\u00f3n de datos sobre el monitoreo ambiental en el r\u00edo Uruguay por la acci\u00f3n de la pastera UPM (ex-Botnia)<\/strong><\/em><\/p>\n<p>&nbsp;<\/p>\n<p>&nbsp;<\/p>\n<p>&nbsp;<\/p>\n<p>&nbsp;<\/p>\n<p>Mauricio Macri recibir\u00e1 hoy en Olivos a su par de Uruguay, Tabar\u00e9 V\u00e1zquez, con quien dialogar\u00e1 sobre las pasteras, la difusi\u00f3n de los monitoreos de impacto ambiental y la voluntad de forjar nuevos acuerdos comerciales.<\/p>\n<p>&nbsp;<\/p>\n<p>Ser\u00e1 el segundo encuentro en lo que va del a\u00f1o, y se realizar\u00e1 en un marco distendido de un &#8220;asado de amigos\u201d, lejos del protocolo diplom\u00e1tico con el objeto de marcar un cambio de \u00e9poca en la relaci\u00f3n que el Gobierno oriental mantuvo durante los gobiernos de N\u00e9stor Kirchner y Cristina Fern\u00e1ndez, como consecuencia del conflicto con las pasteras del r\u00edo Uruguay.<\/p>\n<p>&nbsp;<\/p>\n<p>La reuni\u00f3n contar\u00e1 con la presencia de los embajadores de ambos pa\u00edses, Guillermo Montenegro (argentino en Montevideo) y H\u00e9ctor Lescano. En tanto, mientras Uruguay no confirm\u00f3 si junto a Tabar\u00e9 viajar\u00e1 su canciller, Rodolfo Nin Novoa, la canciller Susana Malcorra no ser\u00e1 de la partida, ya que se encuentra en viaje oficial.<\/p>\n<p>&nbsp;<\/p>\n<p>Tras casi trece a\u00f1os de cortocircuitos por las pasteras, que incluso llegaron a la Corte Internacional de Justicia de La Haya, los jefes de Estado buscar\u00e1n continuar con el acercamiento y la sinton\u00eda que mostraron en aquella primera reuni\u00f3n que se llev\u00f3 a cabo en la Estancia de Anchorena, en Colonia, el 7 de enero pasado.<\/p>\n<p>&nbsp;<\/p>\n<p>En ese sentido, as\u00ed como se esperan anuncios sobre el monitoreo del impacto ambiental de la pastera finlandesa UPM (ex-Botnia) en el R\u00edo Uruguay ordenados por La Haya, el l\u00edder del PRO y el referente del Frente Amplio analizar\u00e1n la intenci\u00f3n de la firma n\u00f3rdica de instalar una nueva planta de producci\u00f3n sobre el R\u00edo Negro, cuyas aguas desembocan en el l\u00edmite natural entre ambos pa\u00edses.<\/p>\n<p>&nbsp;<\/p>\n<p>&#8220;Habl\u00e9 personalmente con Macri de este tema, para informarle de la eventual instalaci\u00f3n de esta planta productora de pasta de celulosa. La recepci\u00f3n que dio (Macri) fue excelente, fue muy buena, hemos acordado que no van a existir inconvenientes por parte de Argentina por la instalaci\u00f3n de este nuevo emprendimiento&#8221;, afirm\u00f3 el uruguayo en agosto luego de reunirse con autoridades de UPM.<\/p>\n<p>&nbsp;<\/p>\n<p>El mismo mensaje transmiti\u00f3 el propio Macri al primer ministro de Finlandia, Juha SipilTM, a quien recibi\u00f3 d\u00edas atr\u00e1s en Buenos Aires y le manifest\u00f3 que no se opondr\u00eda a ning\u00fan emprendimiento, siempre y cuando se mantengan los est\u00e1ndares de calidad ambiental.<\/p>\n<p>&nbsp;<\/p>\n<p>Seg\u00fan aseguran en el entorno presidencial, la postura del Gobierno de Macri ser\u00e1 &#8220;no impedir el desarrollo de la industria forestal&#8221;, pero s\u00ed velar por el cumplimiento de los est\u00e1ndares de cuidado ambiental.<\/p>\n<p>&nbsp;<\/p>\n<p>La cumbre entre ambos mandatarios se produce en un momento clave para la industria forestal entrerriana, que espera el avance en la Legislatura -se trata el mi\u00e9rcoles en el Senado- de un proyecto del gobernador Gustavo Bordet (FpV)para derogar las trabas a la exportaci\u00f3n de rollizos de madera. Esa limitaci\u00f3n fue impuesta en 2006 en pleno conflicto por las pasteras y con el puente internacional bloqueado por ambientalistas.<\/p>\n<p>&nbsp;<\/p>\n<p>&#8220;Se estar\u00e1 facilitando la contaminaci\u00f3n de la pastera UPM&#8221;, braman los ecologistas, que la semana pasada protagonizaron una volanteada sobre el mismo puente para concientizar sobre el riesgo que supone el fin de esa traba.<\/p>\n<p>&nbsp;<\/p>\n<p>Sobre la posibilidad de que en la reuni\u00f3n de hoy haya anuncios respecto de la difusi\u00f3n de los datos sobre la calidad del aire y del agua del R\u00edo Uruguay, donde desembocan los efluentes de UPM, organizaciones ambientalistas de Gualeguaych\u00fa manifestaron que tienen &#8220;pocas expectativas&#8221; sobre la reuni\u00f3n: &#8220;Es m\u00e1s de lo mismo, van a sacar un informe de la CARU acomodado a gusto de los uruguayos&#8221;, lamentaron.<\/p>\n<p>&nbsp;<\/p>\n<p>Entre otros temas, hoy en la mesa de Olivos tambi\u00e9n se analizar\u00e1n proyectos de infraestructura binacionales, como el dragado del Canal Mart\u00edn Garc\u00eda, la construcci\u00f3n de un nuevo puente que una Z\u00e1rate y Nueva Palmira, y la construcci\u00f3n de la Hidrov\u00eda Paran\u00e1-Paraguay.<\/p>\n","protected":false},"excerpt":{"rendered":"<p>Expectativa por difusi\u00f3n de datos sobre el monitoreo ambiental en el r\u00edo Uruguay por la acci\u00f3n de la pastera UPM (ex-Botnia) &nbsp; &nbsp; &nbsp; &nbsp; Mauricio Macri recibir\u00e1 hoy en Olivos a su par de Uruguay, Tabar\u00e9 V\u00e1zquez, con quien dialogar\u00e1 sobre las pasteras, la difusi\u00f3n de los monitoreos de impacto ambiental y la voluntad de forjar nuevos acuerdos comerciales. &nbsp; Ser\u00e1 el segundo encuentro en lo que va del a\u00f1o, y se realizar\u00e1 en un marco distendido de un &#8220;asado de amigos\u201d, lejos del protocolo diplom\u00e1tico con el objeto&#8230;<\/p>\n","protected":false},"author":3,"featured_media":3129,"comment_status":"closed","ping_status":"closed","sticky":false,"template":"","format":"standard","meta":[],"categories":[2],"tags":[],"_links":{"self":[{"href":"https:\/\/www.actualidadadiario.com\/index.php\/wp-json\/wp\/v2\/posts\/3128"}],"collection":[{"href":"https:\/\/www.actualidadadiario.com\/index.php\/wp-json\/wp\/v2\/posts"}],"about":[{"href":"https:\/\/www.actualidadadiario.com\/index.php\/wp-json\/wp\/v2\/types\/post"}],"author":[{"embeddable":true,"href":"https:\/\/www.actualidadadiario.com\/index.php\/wp-json\/wp\/v2\/users\/3"}],"replies":[{"embeddable":true,"href":"https:\/\/www.actualidadadiario.com\/index.php\/wp-json\/wp\/v2\/comments?post=3128"}],"version-history":[{"count":1,"href":"https:\/\/www.actualidadadiario.com\/index.php\/wp-json\/wp\/v2\/posts\/3128\/revisions"}],"predecessor-version":[{"id":3130,"href":"https:\/\/www.actualidadadiario.com\/index.php\/wp-json\/wp\/v2\/posts\/3128\/revisions\/3130"}],"wp:featuredmedia":[{"embeddable":true,"href":"https:\/\/www.actualidadadiario.com\/index.php\/wp-json\/wp\/v2\/media\/3129"}],"wp:attachment":[{"href":"https:\/\/www.actualidadadiario.com\/index.php\/wp-json\/wp\/v2\/media?parent=3128"}],"wp:term":[{"taxonomy":"category","embeddable":true,"href":"https:\/\/www.actualidadadiario.com\/index.php\/wp-json\/wp\/v2\/categories?post=3128"},{"taxonomy":"post_tag","embeddable":true,"href":"https:\/\/www.actualidadadiario.com\/index.php\/wp-json\/wp\/v2\/tags?post=3128"}],"curies":[{"name":"wp","href":"https:\/\/api.w.org\/{rel}","templated":true}]}}