{"id":3125,"date":"2016-10-24T09:53:45","date_gmt":"2016-10-24T12:53:45","guid":{"rendered":"http:\/\/actualidadadiario.com\/site\/?p=3125"},"modified":"2016-10-24T09:53:45","modified_gmt":"2016-10-24T12:53:45","slug":"el-oficialismo-dice-que-el-gobierno-eliminara-el-impuesto-a-las-ganancias-de-manera-progresiva","status":"publish","type":"post","link":"https:\/\/www.actualidadadiario.com\/index.php\/2016\/10\/24\/el-oficialismo-dice-que-el-gobierno-eliminara-el-impuesto-a-las-ganancias-de-manera-progresiva\/","title":{"rendered":"El oficialismo dice que el Gobierno eliminar\u00e1 el impuesto a las Ganancias de manera progresiva"},"content":{"rendered":"<p><em><strong>El jefe de bloque de diputados nacionales del PRO, Nicol\u00e1s Massot, asegur\u00f3 este domingo que el Gobierno va a traducir &#8220;una o dos veces por a\u00f1o&#8221; medidas que, de manera progresiva, &#8220;apunten a la eliminaci\u00f3n&#8221; del impuesto a las Ganancias&#8221;, y vaticin\u00f3 que en 2017 volver\u00e1 a aumentar el m\u00ednimo no imponible<\/strong><\/em><\/p>\n<p>&nbsp;<\/p>\n<p>&nbsp;<\/p>\n<p>&nbsp;<\/p>\n<p>&nbsp;<\/p>\n<p>&nbsp;<\/p>\n<p>&nbsp;<\/p>\n<p>&nbsp;<\/p>\n<p>En ese sentido, el dirigente macrista sostuvo que el proyecto de ley para la modificaci\u00f3n de las escalas del impuesto &#8220;se va a tratar en noviembre y va a tener vigencia desde el 1 de enero&#8221; del a\u00f1o pr\u00f3ximo.<\/p>\n<p>&nbsp;<\/p>\n<p>&#8220;Con las nuevas escalas no se dejar\u00e1 de pagar el impuesto, sino que se pagar\u00e1 menos. Lo que se har\u00e1 es bajar las al\u00edcuotas&#8221;, indic\u00f3.<\/p>\n<p>&nbsp;<\/p>\n<p>Al ser consultado sobre la promesa de la eliminaci\u00f3n del tributo durante la campa\u00f1a electoral de Mauricio Macri, Massot argument\u00f3 que &#8220;se cumple a medida que se va pudiendo&#8221;.<\/p>\n<p>&nbsp;<\/p>\n<p>&#8220;En los cuatro a\u00f1os de nuestra gesti\u00f3n vamos a ir introduciendo una o dos veces por a\u00f1o medidas que, progresivamente, apunten a la eliminaci\u00f3n del impuesto&#8221;, enfatiz\u00f3.<\/p>\n<p>&nbsp;<\/p>\n<p>As\u00ed, adelant\u00f3: &#8220;Seguramente, el a\u00f1o que viene vamos a volver a aumentar el m\u00ednimo no imponible y progresivamente a medida que la econom\u00eda lo vaya permitiendo lo vamos a ir eliminando&#8221;, mientras justific\u00f3: &#8220;La promesa de campa\u00f1a es para una gesti\u00f3n, no para el primer mes de gobierno&#8221;.<\/p>\n<p>&nbsp;<\/p>\n<p>En di\u00e1logo con diario El Tribuno, resalt\u00f3: &#8220;La primera fue apenas ingresamos en el Gobierno, duplicando el m\u00ednimo no imponible y dejando fuera del impuesto a m\u00e1s de un mill\u00f3n de personas&#8221;.<\/p>\n<p>&nbsp;<\/p>\n<p>&#8220;Ahora lo que estamos haciendo es, como ya el m\u00ednimo no imponible est\u00e1 en t\u00e9rminos regionales bastante alto, aprovechar el impacto fiscal del Presupuesto que podemos destinar a esta medida para que los que ya paguen, paguen menos porcentaje&#8221;, puntualiz\u00f3 Massot.<\/p>\n<p>&nbsp;<\/p>\n<p>Por otro lado, se refiri\u00f3 al debate en torno al bono pretendido por los trabajadores para fin de a\u00f1o, consider\u00f3: &#8220;Lo que se hizo es abrir una mesa de di\u00e1logo que estipul\u00f3 una base referencial de dos mil pesos, pero que despu\u00e9s debe ser discutida sector por sector contemplando las particularidades&#8221;.<\/p>\n<p>&nbsp;<\/p>\n<p>&#8220;A lo que se apunta es a abrir una instancia en donde se cierra la discusi\u00f3n del 2016 para cuando en marzo o abril se empiece a discutir nuevamente se contemple con la inflaci\u00f3n de 2017&#8221;, se\u00f1al\u00f3.<\/p>\n<p>&nbsp;<\/p>\n<p>En otro orden, el jefe del bloque del PRO en la C\u00e1mara de Diputados afirm\u00f3 que no hay en el seno del macrismo una &#8220;postura unificada&#8221; sobre el aborto y que est\u00e1n &#8220;abiertos a debatir&#8221; proyectos que apuntan a la despenalizaci\u00f3n de ese tipo de pr\u00e1cticas.<\/p>\n<p>&nbsp;<\/p>\n<p>&#8220;Nosotros estamos abiertos absolutamente al debate. Por supuesto que no tenemos una postura unificada como bloque, como casi ning\u00fan bloque. Estamos quienes estamos en contra del aborto y quienes est\u00e1n a favor&#8221;, se\u00f1al\u00f3 Massot en una entrevista publicada por el diario El Tribuno, de Salta.<\/p>\n<p>&nbsp;<\/p>\n<p>&#8220;El aborto es un tema que siempre est\u00e1 en agenda y permanentemente hay proyectos con estado parlamentario para ser tratados&#8221;, agreg\u00f3 el joven diputado, pese a que el presidente y l\u00edder del PRO, Mauricio Macri se opone categ\u00f3ricamente a la legalizaci\u00f3n de la interrupci\u00f3n voluntaria de embarazos no deseados.<\/p>\n<p>&nbsp;<\/p>\n<p>Por otra parte, Massot sali\u00f3 al cruce de las cr\u00edticas esgrimidas por sectores de la oposici\u00f3n sobre la supuesta vulnerabilidad del sistema de registro electr\u00f3nico del voto, que fue avalado con media sanci\u00f3n el jueves por la madrugada en una sesi\u00f3n marat\u00f3nica.<\/p>\n<p>&nbsp;<\/p>\n<p>&#8220;Eso lo est\u00e1n haciendo sobre una tecnolog\u00eda de una empresa en particular. En todo caso, puede ser un insumo \u00fatil para proteger, si llega a ser cierto lo que se ve en los videos, esta tecnolog\u00eda y salvarla de estas fallas. Que eso se pueda hacer con una tecnolog\u00eda en particular, de ning\u00fan modo invalida la norma&#8221;, recalc\u00f3.<\/p>\n","protected":false},"excerpt":{"rendered":"<p>El jefe de bloque de diputados nacionales del PRO, Nicol\u00e1s Massot, asegur\u00f3 este domingo que el Gobierno va a traducir &#8220;una o dos veces por a\u00f1o&#8221; medidas que, de manera progresiva, &#8220;apunten a la eliminaci\u00f3n&#8221; del impuesto a las Ganancias&#8221;, y vaticin\u00f3 que en 2017 volver\u00e1 a aumentar el m\u00ednimo no imponible &nbsp; &nbsp; &nbsp; &nbsp; &nbsp; &nbsp; &nbsp; En ese sentido, el dirigente macrista sostuvo que el proyecto de ley para la modificaci\u00f3n de las escalas del impuesto &#8220;se va a tratar en noviembre y va a tener vigencia&#8230;<\/p>\n","protected":false},"author":3,"featured_media":3126,"comment_status":"closed","ping_status":"closed","sticky":false,"template":"","format":"standard","meta":[],"categories":[9],"tags":[],"_links":{"self":[{"href":"https:\/\/www.actualidadadiario.com\/index.php\/wp-json\/wp\/v2\/posts\/3125"}],"collection":[{"href":"https:\/\/www.actualidadadiario.com\/index.php\/wp-json\/wp\/v2\/posts"}],"about":[{"href":"https:\/\/www.actualidadadiario.com\/index.php\/wp-json\/wp\/v2\/types\/post"}],"author":[{"embeddable":true,"href":"https:\/\/www.actualidadadiario.com\/index.php\/wp-json\/wp\/v2\/users\/3"}],"replies":[{"embeddable":true,"href":"https:\/\/www.actualidadadiario.com\/index.php\/wp-json\/wp\/v2\/comments?post=3125"}],"version-history":[{"count":1,"href":"https:\/\/www.actualidadadiario.com\/index.php\/wp-json\/wp\/v2\/posts\/3125\/revisions"}],"predecessor-version":[{"id":3127,"href":"https:\/\/www.actualidadadiario.com\/index.php\/wp-json\/wp\/v2\/posts\/3125\/revisions\/3127"}],"wp:featuredmedia":[{"embeddable":true,"href":"https:\/\/www.actualidadadiario.com\/index.php\/wp-json\/wp\/v2\/media\/3126"}],"wp:attachment":[{"href":"https:\/\/www.actualidadadiario.com\/index.php\/wp-json\/wp\/v2\/media?parent=3125"}],"wp:term":[{"taxonomy":"category","embeddable":true,"href":"https:\/\/www.actualidadadiario.com\/index.php\/wp-json\/wp\/v2\/categories?post=3125"},{"taxonomy":"post_tag","embeddable":true,"href":"https:\/\/www.actualidadadiario.com\/index.php\/wp-json\/wp\/v2\/tags?post=3125"}],"curies":[{"name":"wp","href":"https:\/\/api.w.org\/{rel}","templated":true}]}}