{"id":3119,"date":"2016-10-24T09:51:34","date_gmt":"2016-10-24T12:51:34","guid":{"rendered":"http:\/\/actualidadadiario.com\/site\/?p=3119"},"modified":"2016-10-24T09:51:34","modified_gmt":"2016-10-24T12:51:34","slug":"el-teatro-ya-vive-una-crisis-similar-a-la-de-2001","status":"publish","type":"post","link":"https:\/\/www.actualidadadiario.com\/index.php\/2016\/10\/24\/el-teatro-ya-vive-una-crisis-similar-a-la-de-2001\/","title":{"rendered":"El teatro ya vive una crisis similar a la de 2001"},"content":{"rendered":"<p><em><strong>Hay preocupaci\u00f3n por la temporada de verano. La crisis econ\u00f3mica, la inflaci\u00f3n y el tarifazo, unas de las causas. La ca\u00edda de espectadores es del 32% y va rumbo al 40% que hubo en plena Alianza<\/strong><\/em><\/p>\n<p>&nbsp;<\/p>\n<p>&nbsp;<\/p>\n<p>&nbsp;<\/p>\n<p>&nbsp;<\/p>\n<p>Aadet, la Asociaci\u00f3n Argentina de Empresarios Teatrales, de la que forma parte la mayor\u00eda de las salas del circuito comercial, dieron n\u00fameros preocupantes de la crisis en los teatros y hay preocupaci\u00f3n para la temporada del verano.<\/p>\n<p>&nbsp;<\/p>\n<p>Entre agosto de 2015 y agosto de 2016 hubo una ca\u00edda del 32% en la cantidad de espectadores. En t\u00e9rminos de recaudaci\u00f3n, hay ca\u00eddas de entre el 8 y el 12 por ciento. Y teniendo en cuenta la inflaci\u00f3n, la baja fue del 50 por ciento, seg\u00fan revel\u00f3 el diario La Naci\u00f3n.<\/p>\n<p>&nbsp;<\/p>\n<p>Sebasti\u00e1n Blutrach, de la sala El Picadero y presidente de la entidad, dice que &#8220;el clima es preocupante&#8221;. Carlos Rottemberg, tambi\u00e9n consultado por ese matutino, opin\u00f3 que los efectos se sentir\u00e1n el a\u00f1o pr\u00f3ximo, con una baja en la producci\u00f3n, con menos estrenos y menos apuestas.<\/p>\n<p>&nbsp;<\/p>\n<p>Entre agosto del a\u00f1o pasado y el actual, baj\u00f3 el p\u00fablico de teatro comercial un 32 por ciento y se espera una temporada de verano con menos producciones y menos salas abiertas.<\/p>\n<p>&nbsp;<\/p>\n<p>Y los n\u00fameros comparados con 2015 son alarmantes: comparando agosto del a\u00f1o pasado y el de este a\u00f1o, hubo una ca\u00edda del 32 por ciento en cantidad de espectadores. Entre septiembre de un a\u00f1o y el del otro, esa disminuci\u00f3n fue del 22 por ciento. En lo que hace a funciones, tomando esos dos meses, la comparaci\u00f3n interanual determina una ca\u00edda del 16 por ciento. En t\u00e9rminos de recaudaci\u00f3n, de agosto del a\u00f1o pasado al de este a\u00f1o, la venta disminuy\u00f3 el 12 por ciento. En septiembre, el 8 por ciento.<\/p>\n<p>&nbsp;<\/p>\n<p>El titular de Aadet cuenta las causas por las pol\u00edticas del macrismo como los agravantes de esta dura consecuencia. &#8220;Los indicadores econ\u00f3micos dan cuentan de una retracci\u00f3n del consumo en general, nuestra actividad es hipersensible a esa variable. Cuando la gente tiene menos plata en el bolsillo limita la cultura, el ocio y el entretenimiento, y privilegia el supermercado, la salud y la educaci\u00f3n. Tuvimos un primer trimestre bueno y, a partir de ah\u00ed, comenz\u00f3 la ca\u00edda. Sumado a eso, no pudimos aumentar el costo de las entradas. La recaudaci\u00f3n en agosto fue un 12 por ciento menor que la de agosto del a\u00f1o pasado. Si a eso le sum\u00e1s el 40 a 42 por ciento de inflaci\u00f3n interanual, nominalmente bajamos un 50 por ciento la recaudaci\u00f3n&#8221;.<\/p>\n<p>&nbsp;<\/p>\n<p>Las estad\u00edsticas que maneja Aadet dan cuenta de que en la temporada de 2000, en la Ciudad de Buenos Aires se vendieron 2 millones de entradas. Con la crisis de 2001, la venta baj\u00f3 un 40 por ciento: 1.200.000 tickets. De 2002 a 2005 la actividad se fue recuperando. Reci\u00e9n en el \u00faltimo a\u00f1o de ese per\u00edodo se lleg\u00f3 a los 2 millones de 2000. De 2006 a 2011, la venta fue creciendo a\u00f1o tras a\u00f1o hasta llegar a los 3 millones de entradas. De 2011 a 2015, se produjo una meseta. en 2016, la venta de entradas empez\u00f3 a bajar.<\/p>\n","protected":false},"excerpt":{"rendered":"<p>Hay preocupaci\u00f3n por la temporada de verano. La crisis econ\u00f3mica, la inflaci\u00f3n y el tarifazo, unas de las causas. La ca\u00edda de espectadores es del 32% y va rumbo al 40% que hubo en plena Alianza &nbsp; &nbsp; &nbsp; &nbsp; Aadet, la Asociaci\u00f3n Argentina de Empresarios Teatrales, de la que forma parte la mayor\u00eda de las salas del circuito comercial, dieron n\u00fameros preocupantes de la crisis en los teatros y hay preocupaci\u00f3n para la temporada del verano. &nbsp; Entre agosto de 2015 y agosto de 2016 hubo una ca\u00edda del&#8230;<\/p>\n","protected":false},"author":3,"featured_media":3120,"comment_status":"closed","ping_status":"closed","sticky":false,"template":"","format":"standard","meta":[],"categories":[4],"tags":[],"_links":{"self":[{"href":"https:\/\/www.actualidadadiario.com\/index.php\/wp-json\/wp\/v2\/posts\/3119"}],"collection":[{"href":"https:\/\/www.actualidadadiario.com\/index.php\/wp-json\/wp\/v2\/posts"}],"about":[{"href":"https:\/\/www.actualidadadiario.com\/index.php\/wp-json\/wp\/v2\/types\/post"}],"author":[{"embeddable":true,"href":"https:\/\/www.actualidadadiario.com\/index.php\/wp-json\/wp\/v2\/users\/3"}],"replies":[{"embeddable":true,"href":"https:\/\/www.actualidadadiario.com\/index.php\/wp-json\/wp\/v2\/comments?post=3119"}],"version-history":[{"count":1,"href":"https:\/\/www.actualidadadiario.com\/index.php\/wp-json\/wp\/v2\/posts\/3119\/revisions"}],"predecessor-version":[{"id":3121,"href":"https:\/\/www.actualidadadiario.com\/index.php\/wp-json\/wp\/v2\/posts\/3119\/revisions\/3121"}],"wp:featuredmedia":[{"embeddable":true,"href":"https:\/\/www.actualidadadiario.com\/index.php\/wp-json\/wp\/v2\/media\/3120"}],"wp:attachment":[{"href":"https:\/\/www.actualidadadiario.com\/index.php\/wp-json\/wp\/v2\/media?parent=3119"}],"wp:term":[{"taxonomy":"category","embeddable":true,"href":"https:\/\/www.actualidadadiario.com\/index.php\/wp-json\/wp\/v2\/categories?post=3119"},{"taxonomy":"post_tag","embeddable":true,"href":"https:\/\/www.actualidadadiario.com\/index.php\/wp-json\/wp\/v2\/tags?post=3119"}],"curies":[{"name":"wp","href":"https:\/\/api.w.org\/{rel}","templated":true}]}}