{"id":3116,"date":"2016-10-21T10:02:39","date_gmt":"2016-10-21T13:02:39","guid":{"rendered":"http:\/\/actualidadadiario.com\/site\/?p=3116"},"modified":"2016-10-21T10:02:39","modified_gmt":"2016-10-21T13:02:39","slug":"los-hermanos-de-lucia-perez-y-laura-iglesias-cuentan-su-drama-en-la-busqueda-de-justicia","status":"publish","type":"post","link":"https:\/\/www.actualidadadiario.com\/index.php\/2016\/10\/21\/los-hermanos-de-lucia-perez-y-laura-iglesias-cuentan-su-drama-en-la-busqueda-de-justicia\/","title":{"rendered":"Los hermanos de Luc\u00eda P\u00e9rez y Laura Iglesias cuentan su drama en la b\u00fasqueda de justicia"},"content":{"rendered":"<p><em><strong>Mat\u00edas P\u00e9rez expres\u00f3 que &#8220;me indigna que existan hombres que puedan hacer lo que lo que hicieron a mi hermana&#8221;, en referencia a Luc\u00eda, brutalmente asesinada en Mar del Plata<\/strong><\/em><\/p>\n<p>&nbsp;<\/p>\n<p>&nbsp;<\/p>\n<p>&nbsp;<\/p>\n<p>&nbsp;<\/p>\n<p>Dolor e indignaci\u00f3n son algunos de los sentimientos que comparten Mat\u00edas P\u00e9rez y Manuel Iglesias, hermanos de Luc\u00eda y Laura, dos v\u00edctimas de femicidios que conmovidos por la multitudinaria marcha Ni Una Menos del \u00faltimo mi\u00e9rcoles, compartieron con T\u00e9lam la experiencia de buscar justicia.<\/p>\n<p>&nbsp;<\/p>\n<p>&#8220;Me indigna que existan hombres que puedan hacer lo que lo que hicieron a mi hermana&#8221;, dijo Mat\u00edas P\u00e9rez, hermano de Luc\u00eda, la adolescente de 16 a\u00f1os drogada, violada y brutalmente asesinada el 8 de octubre \u00faltimo en Mar del Plata.<\/p>\n<p>&nbsp;<\/p>\n<p>El asesinato de la joven volvi\u00f3 a impactar en la sociedad argentina que ayer se manifest\u00f3 durante el &#8220;Mi\u00e9rcoles Negro&#8221;, donde las mujeres se vistieron con ese color, hicieron un paro de una hora y se movilizaron por las calles argentinas con las consignas &#8220;Ni Una Menos-Vivas Nos Queremos&#8221;.<\/p>\n<p>&nbsp;<\/p>\n<p>Mat\u00edas estuvo ayer en la marcha en Mar del Plata: &#8220;Fue muy emocionante sentir el apoyo de tanta gente y la paz con que marchamos pidiendo justicia por Luc\u00eda&#8221;, manifest\u00f3 el joven de 19 a\u00f1os, estudiante de Derecho.<\/p>\n<p>&nbsp;<\/p>\n<p>&#8220;Me averg\u00fcenza como var\u00f3n que existan hombres que maltraten y maten mujeres&#8221;, confiesa en tanto Manuel, hermano de Laura, que ten\u00eda 53 a\u00f1os cuando su cuerpo fue encontrado en mayo de 2013 en Miramar, donde ella trabajaba en la reinserci\u00f3n de personas que hab\u00edan pasado por prisiones, por su trabajo en el Patronato de Liberados bonaerense.<\/p>\n<p>&nbsp;<\/p>\n<p>Ella tambi\u00e9n fue violada, la golpearon y la mataron ahorc\u00e1ndola, homicidio por el que cumple condena a perpetua Esteban Cuello, por decisi\u00f3n del Tribunal Oral Criminal N\u00b0 3 de Mar del Plata que en su fallo pidi\u00f3 a la Fiscal\u00eda &#8220;que profundice la investigaci\u00f3n porque hay muchos cabos sueltos.<\/p>\n<p>&nbsp;<\/p>\n<p>Creemos que hay otros implicados en el asesinato de mi hermana y encubrimiento policial&#8221;, explic\u00f3 Iglesias.<\/p>\n<p>&nbsp;<\/p>\n<p>\u00c9l, que fue empleado administrativo en diversas empresas y hoy hace trabajos aut\u00f3nomos, se reconoce &#8220;un especialista impensado&#8221; en el funcionamiento del sistema judicial a partir del asesinato de Laura.<\/p>\n<p>&nbsp;<\/p>\n<p>Tiene un listado minucioso que mostr\u00f3 a T\u00e9lam de las &#8220;cuestiones que creemos que la Fiscal\u00eda deber\u00eda profundizar, pero no lo hace&#8230;y es posible que la causa se cierre. Quienes imparten justicia no se ponen en mi lugar, ni en mi dolor&#8221;.<\/p>\n<p>&nbsp;<\/p>\n<p>Manuel se reuni\u00f3 con el pap\u00e1 de Natalia Melmann, violada y ahorcada, al igual que Laura, con un cord\u00f3n de zapatilla en 2001 y con el de Mara Mateu, violada y ahorcada&#8230;con un cord\u00f3n de zapatilla, en 2008. Ambos asesinatos cometidos en la costa atl\u00e1ntica.<\/p>\n<p>&nbsp;<\/p>\n<p>&#8220;\u00bfPor qu\u00e9 la fiscal Ana Mar\u00eda Caro no investiga estas coincidencias y tantos otros aportes que tenemos para sumar a la investigaci\u00f3n?&#8221;, pregunt\u00f3 Iglesias.<\/p>\n<p>&nbsp;<\/p>\n<p>Tambi\u00e9n le sorprende &#8220;la poca difusi\u00f3n medi\u00e1tica que tuvo el asesinato de mi hermana. Por eso, participo de las marchas Ni Una Menos, soy parte del grupo de familiares de v\u00edctimas del Consejo Nacional de las Mujeres y voy a seguir difundiendo el asesinato de mi hermana, las fallas en las investigaci\u00f3n hasta que se convierta en un grito&#8221;.<\/p>\n<p>&nbsp;<\/p>\n<p>Mat\u00edas, a\u00fan, no puede gritar: &#8220;Nunca, nunca, me imagin\u00e9 que nos pod\u00eda pasar esto. Cuando ve\u00edamos en la televisi\u00f3n casos de femicidios, le dec\u00eda a Luc\u00eda que se cuide&#8230;no s\u00e9, la aconsejaba como hermano mayor. La verdad, tengo el coraz\u00f3n partido&#8221;.<\/p>\n<p>&nbsp;<\/p>\n<p>Mientras el joven agradece &#8220;la contenci\u00f3n de tantos hombres y mujeres&#8221;, Manuel implora: &#8220;No nos quedemos quietos ante la violencia. No nos podemos permitir eso, ni como hombres, ni como sociedad&#8221;.<\/p>\n","protected":false},"excerpt":{"rendered":"<p>Mat\u00edas P\u00e9rez expres\u00f3 que &#8220;me indigna que existan hombres que puedan hacer lo que lo que hicieron a mi hermana&#8221;, en referencia a Luc\u00eda, brutalmente asesinada en Mar del Plata &nbsp; &nbsp; &nbsp; &nbsp; Dolor e indignaci\u00f3n son algunos de los sentimientos que comparten Mat\u00edas P\u00e9rez y Manuel Iglesias, hermanos de Luc\u00eda y Laura, dos v\u00edctimas de femicidios que conmovidos por la multitudinaria marcha Ni Una Menos del \u00faltimo mi\u00e9rcoles, compartieron con T\u00e9lam la experiencia de buscar justicia. &nbsp; &#8220;Me indigna que existan hombres que puedan hacer lo que lo&#8230;<\/p>\n","protected":false},"author":3,"featured_media":3117,"comment_status":"closed","ping_status":"closed","sticky":false,"template":"","format":"standard","meta":[],"categories":[4],"tags":[],"_links":{"self":[{"href":"https:\/\/www.actualidadadiario.com\/index.php\/wp-json\/wp\/v2\/posts\/3116"}],"collection":[{"href":"https:\/\/www.actualidadadiario.com\/index.php\/wp-json\/wp\/v2\/posts"}],"about":[{"href":"https:\/\/www.actualidadadiario.com\/index.php\/wp-json\/wp\/v2\/types\/post"}],"author":[{"embeddable":true,"href":"https:\/\/www.actualidadadiario.com\/index.php\/wp-json\/wp\/v2\/users\/3"}],"replies":[{"embeddable":true,"href":"https:\/\/www.actualidadadiario.com\/index.php\/wp-json\/wp\/v2\/comments?post=3116"}],"version-history":[{"count":1,"href":"https:\/\/www.actualidadadiario.com\/index.php\/wp-json\/wp\/v2\/posts\/3116\/revisions"}],"predecessor-version":[{"id":3118,"href":"https:\/\/www.actualidadadiario.com\/index.php\/wp-json\/wp\/v2\/posts\/3116\/revisions\/3118"}],"wp:featuredmedia":[{"embeddable":true,"href":"https:\/\/www.actualidadadiario.com\/index.php\/wp-json\/wp\/v2\/media\/3117"}],"wp:attachment":[{"href":"https:\/\/www.actualidadadiario.com\/index.php\/wp-json\/wp\/v2\/media?parent=3116"}],"wp:term":[{"taxonomy":"category","embeddable":true,"href":"https:\/\/www.actualidadadiario.com\/index.php\/wp-json\/wp\/v2\/categories?post=3116"},{"taxonomy":"post_tag","embeddable":true,"href":"https:\/\/www.actualidadadiario.com\/index.php\/wp-json\/wp\/v2\/tags?post=3116"}],"curies":[{"name":"wp","href":"https:\/\/api.w.org\/{rel}","templated":true}]}}