{"id":3108,"date":"2016-10-21T10:00:25","date_gmt":"2016-10-21T13:00:25","guid":{"rendered":"http:\/\/actualidadadiario.com\/site\/?p=3108"},"modified":"2016-10-21T10:00:25","modified_gmt":"2016-10-21T13:00:25","slug":"bob-dylan-reconoce-el-nobel-en-su-pagina-web-y-despues-se-rectifica","status":"publish","type":"post","link":"https:\/\/www.actualidadadiario.com\/index.php\/2016\/10\/21\/bob-dylan-reconoce-el-nobel-en-su-pagina-web-y-despues-se-rectifica\/","title":{"rendered":"Bob Dylan reconoce el Nobel en su p\u00e1gina web y despu\u00e9s se rectifica"},"content":{"rendered":"<p><em><strong>El silencio del m\u00fasico aliment\u00f3 todo tipo de especulaciones sobre si el cantante estadounidense acudir\u00e1 a la ceremonia de Estocolmo para recibirlo en diciembre<\/strong><\/em><\/p>\n<p>&nbsp;<\/p>\n<p>&nbsp;<\/p>\n<p>&nbsp;<\/p>\n<p>&nbsp;<\/p>\n<p>Bob Dylan, distinguido la semana pasada por la Academia Sueca con el Premio Nobel de Literatura reconoci\u00f3 ese galard\u00f3n al incluirlo en su p\u00e1gina web por unas horas, aunque poco despu\u00e9s rectific\u00f3 la publicaci\u00f3n, aumentando as\u00ed la intriga de sobre si lo aceptar\u00e1 o no.<\/p>\n<p>&nbsp;<\/p>\n<p>En una rese\u00f1a publicada para promocionar el libro &#8220;The Lyrics: 1961-2012&#8221;, sobre las letras de sus canciones figuraba el texto, en may\u00fasculas, &#8220;Winner of the Nobel Prize in Literature&#8221; (&#8220;Ganador del Premio Nobel de Literatura&#8221;).<\/p>\n<p>Esa fue la primera admisi\u00f3n p\u00fablica del premio por parte de Dylan, cuyo silencio desde el pasado jueves, d\u00eda en el que se conoci\u00f3 el fallo, inquiet\u00f3 a la propia Academia Sueca, que desisti\u00f3 tras varios intentos de comunicarle la distinci\u00f3n personalmente.<\/p>\n<p>&nbsp;<\/p>\n<p>El silencio de Dylan aliment\u00f3 todo tipo de especulaciones sobre si el cantante estadounidense acudir\u00e1 a la ceremonia de Estocolmo para recibirlo en diciembre, conjeturas que parec\u00edan disiparse con la rese\u00f1a en su web, consign\u00f3 la agencia EFE. Sin embargo, horas despu\u00e9s de la publicaci\u00f3n del art\u00edculo y cuando varios medios ya se hab\u00edan hecho eco de ello, el texto &#8220;Winner of the Nobel Prize in Literature&#8221; desapareci\u00f3 y fue sustituido, sin m\u00e1s explicaci\u00f3n, por un enlace para comprar el libro.<\/p>\n<p>&nbsp;<\/p>\n<p>La Academia Sueca concedi\u00f3 el Nobel a Dylan por haber creado &#8220;nuevas expresiones po\u00e9ticas dentro de la gran tradici\u00f3n de la canci\u00f3n estadounidense&#8221;, seg\u00fan el fallo.<\/p>\n<p>&nbsp;<\/p>\n<p>Un precedente de rechazo al Nobel de Literatura es el del franc\u00e9s Jean Paul Sartre, que contrario a todo tipo de distinciones no lo acept\u00f3 en 1964, aunque su nombre figura en la lista de ganadores.<\/p>\n","protected":false},"excerpt":{"rendered":"<p>El silencio del m\u00fasico aliment\u00f3 todo tipo de especulaciones sobre si el cantante estadounidense acudir\u00e1 a la ceremonia de Estocolmo para recibirlo en diciembre &nbsp; &nbsp; &nbsp; &nbsp; Bob Dylan, distinguido la semana pasada por la Academia Sueca con el Premio Nobel de Literatura reconoci\u00f3 ese galard\u00f3n al incluirlo en su p\u00e1gina web por unas horas, aunque poco despu\u00e9s rectific\u00f3 la publicaci\u00f3n, aumentando as\u00ed la intriga de sobre si lo aceptar\u00e1 o no. &nbsp; En una rese\u00f1a publicada para promocionar el libro &#8220;The Lyrics: 1961-2012&#8221;, sobre las letras de sus&#8230;<\/p>\n","protected":false},"author":3,"featured_media":2567,"comment_status":"closed","ping_status":"closed","sticky":false,"template":"","format":"standard","meta":[],"categories":[4],"tags":[],"_links":{"self":[{"href":"https:\/\/www.actualidadadiario.com\/index.php\/wp-json\/wp\/v2\/posts\/3108"}],"collection":[{"href":"https:\/\/www.actualidadadiario.com\/index.php\/wp-json\/wp\/v2\/posts"}],"about":[{"href":"https:\/\/www.actualidadadiario.com\/index.php\/wp-json\/wp\/v2\/types\/post"}],"author":[{"embeddable":true,"href":"https:\/\/www.actualidadadiario.com\/index.php\/wp-json\/wp\/v2\/users\/3"}],"replies":[{"embeddable":true,"href":"https:\/\/www.actualidadadiario.com\/index.php\/wp-json\/wp\/v2\/comments?post=3108"}],"version-history":[{"count":1,"href":"https:\/\/www.actualidadadiario.com\/index.php\/wp-json\/wp\/v2\/posts\/3108\/revisions"}],"predecessor-version":[{"id":3109,"href":"https:\/\/www.actualidadadiario.com\/index.php\/wp-json\/wp\/v2\/posts\/3108\/revisions\/3109"}],"wp:featuredmedia":[{"embeddable":true,"href":"https:\/\/www.actualidadadiario.com\/index.php\/wp-json\/wp\/v2\/media\/2567"}],"wp:attachment":[{"href":"https:\/\/www.actualidadadiario.com\/index.php\/wp-json\/wp\/v2\/media?parent=3108"}],"wp:term":[{"taxonomy":"category","embeddable":true,"href":"https:\/\/www.actualidadadiario.com\/index.php\/wp-json\/wp\/v2\/categories?post=3108"},{"taxonomy":"post_tag","embeddable":true,"href":"https:\/\/www.actualidadadiario.com\/index.php\/wp-json\/wp\/v2\/tags?post=3108"}],"curies":[{"name":"wp","href":"https:\/\/api.w.org\/{rel}","templated":true}]}}