{"id":3105,"date":"2016-10-21T09:51:43","date_gmt":"2016-10-21T12:51:43","guid":{"rendered":"http:\/\/actualidadadiario.com\/site\/?p=3105"},"modified":"2016-10-21T09:51:43","modified_gmt":"2016-10-21T12:51:43","slug":"el-respaldo-de-mi-gobierno-a-alicia-feltes-es-claro-y-contundente","status":"publish","type":"post","link":"https:\/\/www.actualidadadiario.com\/index.php\/2016\/10\/21\/el-respaldo-de-mi-gobierno-a-alicia-feltes-es-claro-y-contundente\/","title":{"rendered":"\u201cEl respaldo de mi gobierno a Alicia Feltes es claro y contundente&#8221;"},"content":{"rendered":"<p><em><strong>\u201cLa titular de Vialidad, Alicia Feltes, cuenta absolutamente con todo mi respaldo porque no hay una causa abierta en su contra, sino una investigaci\u00f3n sobre contrataciones realizadas durante la Cumbre del Mercosur que se realiz\u00f3 en Paran\u00e1 en diciembre de 2014<\/strong><\/em><\/p>\n<p>&nbsp;<\/p>\n<p>&nbsp;<\/p>\n<p>&nbsp;<\/p>\n<p>&nbsp;<\/p>\n<p>Mi gesti\u00f3n siempre ha estado dispuesta a ofrecer todo tipo de documentaci\u00f3n\u00a0 y a facilitar el accionar de la justicia cada vez que fuera requerido\u201d, afirm\u00f3 el gobernador Gustavo Bordet este jueves en Villaguay pocos minutos antes de reunirse con los intendentes del PJ<\/p>\n<p>&nbsp;<\/p>\n<p>&nbsp;<\/p>\n<p>&nbsp;<\/p>\n<p>&nbsp;<\/p>\n<p>&nbsp;<\/p>\n<p>De este modo, al ser consultado por la prensa local el mandatario brind\u00f3 su total respaldo a la titular de Vialidad provincial, tras una intervenci\u00f3n que se produjo en la sede del organismo. El mandatario aclar\u00f3 que no se trat\u00f3 de un allanamiento sobre\u00a0 Vialidad, \u201csino una intervenci\u00f3n particular por un tema de la Cumbre del Mercosur hacia la titular del organismo\u201d.<\/p>\n","protected":false},"excerpt":{"rendered":"<p>\u201cLa titular de Vialidad, Alicia Feltes, cuenta absolutamente con todo mi respaldo porque no hay una causa abierta en su contra, sino una investigaci\u00f3n sobre contrataciones realizadas durante la Cumbre del Mercosur que se realiz\u00f3 en Paran\u00e1 en diciembre de 2014 &nbsp; &nbsp; &nbsp; &nbsp; Mi gesti\u00f3n siempre ha estado dispuesta a ofrecer todo tipo de documentaci\u00f3n\u00a0 y a facilitar el accionar de la justicia cada vez que fuera requerido\u201d, afirm\u00f3 el gobernador Gustavo Bordet este jueves en Villaguay pocos minutos antes de reunirse con los intendentes del PJ &nbsp;&#8230;<\/p>\n","protected":false},"author":3,"featured_media":3106,"comment_status":"closed","ping_status":"closed","sticky":false,"template":"","format":"standard","meta":[],"categories":[15],"tags":[],"_links":{"self":[{"href":"https:\/\/www.actualidadadiario.com\/index.php\/wp-json\/wp\/v2\/posts\/3105"}],"collection":[{"href":"https:\/\/www.actualidadadiario.com\/index.php\/wp-json\/wp\/v2\/posts"}],"about":[{"href":"https:\/\/www.actualidadadiario.com\/index.php\/wp-json\/wp\/v2\/types\/post"}],"author":[{"embeddable":true,"href":"https:\/\/www.actualidadadiario.com\/index.php\/wp-json\/wp\/v2\/users\/3"}],"replies":[{"embeddable":true,"href":"https:\/\/www.actualidadadiario.com\/index.php\/wp-json\/wp\/v2\/comments?post=3105"}],"version-history":[{"count":1,"href":"https:\/\/www.actualidadadiario.com\/index.php\/wp-json\/wp\/v2\/posts\/3105\/revisions"}],"predecessor-version":[{"id":3107,"href":"https:\/\/www.actualidadadiario.com\/index.php\/wp-json\/wp\/v2\/posts\/3105\/revisions\/3107"}],"wp:featuredmedia":[{"embeddable":true,"href":"https:\/\/www.actualidadadiario.com\/index.php\/wp-json\/wp\/v2\/media\/3106"}],"wp:attachment":[{"href":"https:\/\/www.actualidadadiario.com\/index.php\/wp-json\/wp\/v2\/media?parent=3105"}],"wp:term":[{"taxonomy":"category","embeddable":true,"href":"https:\/\/www.actualidadadiario.com\/index.php\/wp-json\/wp\/v2\/categories?post=3105"},{"taxonomy":"post_tag","embeddable":true,"href":"https:\/\/www.actualidadadiario.com\/index.php\/wp-json\/wp\/v2\/tags?post=3105"}],"curies":[{"name":"wp","href":"https:\/\/api.w.org\/{rel}","templated":true}]}}