{"id":3102,"date":"2016-10-21T09:50:47","date_gmt":"2016-10-21T12:50:47","guid":{"rendered":"http:\/\/actualidadadiario.com\/site\/?p=3102"},"modified":"2016-10-21T09:50:47","modified_gmt":"2016-10-21T12:50:47","slug":"los-dirigentes-de-cambiemos-hablan-desde-el-odio-y-el-resentimiento","status":"publish","type":"post","link":"https:\/\/www.actualidadadiario.com\/index.php\/2016\/10\/21\/los-dirigentes-de-cambiemos-hablan-desde-el-odio-y-el-resentimiento\/","title":{"rendered":"&#8220;Los dirigentes de Cambiemos hablan desde el odio y el resentimiento&#8221;"},"content":{"rendered":"<p><em><strong>El presidente del PJ de Federaci\u00f3n;\u00a0 Adolfo Rigoni, dijo que &#8220;los dirigentes de Cambiemos hablan desde el resentimiento&#8221;. Lo dijo al responder al intendente de Chajar\u00ed, Pedro Galimberti que hab\u00eda caracterizado a Bordet como &#8220;ambivalente&#8221;. Se\u00f1al\u00f3 asimismo que &#8220;la soberbia no le permite ver a Galimberti,\u00a0 que su gobierno est\u00e1 lleno de imputados por sociedades truchas o por sacar plata al exterior&#8221;<\/strong><\/em><\/p>\n<p>&nbsp;<\/p>\n<p>&nbsp;<\/p>\n<p>&nbsp;<\/p>\n<p>&nbsp;<\/p>\n<p>&nbsp;<\/p>\n<p>&nbsp;<\/p>\n<p>El dirigente peronista respondi\u00f3 las cr\u00edticas del elegido Presidente del Comit\u00e9 Provincial de\u00a0la Uni\u00f3n C\u00edvica Radical\u00a0(UCR), qui\u00e9n dijo que &#8220;Gustavo Bordet tiene una actitud ambivalente\u00a0 por un lado da algunas buenas se\u00f1ales y, por otro, no le suelta completamente la mano a los actores involucrados en la d\u00e9cada de la corrupci\u00f3n kirchnerista&#8221;.<\/p>\n<p>&nbsp;<\/p>\n<p>&nbsp;<\/p>\n<p>Rigoni mencion\u00f3 que &#8220;Galimberti omite la gravedad de los hechos que envuelven al gobierno de Cambiemos&#8221;, en tal sentido ejemplific\u00f3 &#8220;el Presidente lleg\u00f3 al poder procesado, lo imputan por docenas de sociedades truchas, a\u00a0la vicepresidenta Michetti\u00a0le aparece plata en la casa que no sabe de d\u00f3nde viene, varios ceo-ministros tienen sociedades en Panam\u00e1 o en para\u00edsos fiscales y algunos de los que acompa\u00f1aron a Macri en la ciudad aut\u00f3noma est\u00e1n manchados por hechos de corrupci\u00f3n&#8221;.<\/p>\n<p>&nbsp;<\/p>\n<p>&nbsp;<\/p>\n<p>&#8220;M\u00e1s que actitudes hay que pedir templanza a los gobernantes, pero tambi\u00e9n gesti\u00f3n y eso se ver\u00e1 cuando los argentinos sean convocados a votar; nosotros nos hacemos cargo de los errores y las responsabilidades, no conocemos otra forma de llegar al poder que no sea por el apoyo del voto popular&#8221;, marc\u00f3 y por \u00faltimo sentenci\u00f3 &#8220;que Galimberti se ocupe que\u00a0la Uni\u00f3n C\u00edvica Radical\u00a0tenga candidatos en las pr\u00f3ximas elecciones, y emita opiniones p\u00fablicas tambi\u00e9n de los equipos de gobierno de las localidades entrerrianas de Cambiemos con funcionarios\u00a0 sospechados de casos de corrupci\u00f3n&#8221;, finaliz\u00f3.<\/p>\n","protected":false},"excerpt":{"rendered":"<p>El presidente del PJ de Federaci\u00f3n;\u00a0 Adolfo Rigoni, dijo que &#8220;los dirigentes de Cambiemos hablan desde el resentimiento&#8221;. Lo dijo al responder al intendente de Chajar\u00ed, Pedro Galimberti que hab\u00eda caracterizado a Bordet como &#8220;ambivalente&#8221;. Se\u00f1al\u00f3 asimismo que &#8220;la soberbia no le permite ver a Galimberti,\u00a0 que su gobierno est\u00e1 lleno de imputados por sociedades truchas o por sacar plata al exterior&#8221; &nbsp; &nbsp; &nbsp; &nbsp; &nbsp; &nbsp; El dirigente peronista respondi\u00f3 las cr\u00edticas del elegido Presidente del Comit\u00e9 Provincial de\u00a0la Uni\u00f3n C\u00edvica Radical\u00a0(UCR), qui\u00e9n dijo que &#8220;Gustavo Bordet tiene&#8230;<\/p>\n","protected":false},"author":3,"featured_media":3103,"comment_status":"closed","ping_status":"closed","sticky":false,"template":"","format":"standard","meta":[],"categories":[15],"tags":[],"_links":{"self":[{"href":"https:\/\/www.actualidadadiario.com\/index.php\/wp-json\/wp\/v2\/posts\/3102"}],"collection":[{"href":"https:\/\/www.actualidadadiario.com\/index.php\/wp-json\/wp\/v2\/posts"}],"about":[{"href":"https:\/\/www.actualidadadiario.com\/index.php\/wp-json\/wp\/v2\/types\/post"}],"author":[{"embeddable":true,"href":"https:\/\/www.actualidadadiario.com\/index.php\/wp-json\/wp\/v2\/users\/3"}],"replies":[{"embeddable":true,"href":"https:\/\/www.actualidadadiario.com\/index.php\/wp-json\/wp\/v2\/comments?post=3102"}],"version-history":[{"count":1,"href":"https:\/\/www.actualidadadiario.com\/index.php\/wp-json\/wp\/v2\/posts\/3102\/revisions"}],"predecessor-version":[{"id":3104,"href":"https:\/\/www.actualidadadiario.com\/index.php\/wp-json\/wp\/v2\/posts\/3102\/revisions\/3104"}],"wp:featuredmedia":[{"embeddable":true,"href":"https:\/\/www.actualidadadiario.com\/index.php\/wp-json\/wp\/v2\/media\/3103"}],"wp:attachment":[{"href":"https:\/\/www.actualidadadiario.com\/index.php\/wp-json\/wp\/v2\/media?parent=3102"}],"wp:term":[{"taxonomy":"category","embeddable":true,"href":"https:\/\/www.actualidadadiario.com\/index.php\/wp-json\/wp\/v2\/categories?post=3102"},{"taxonomy":"post_tag","embeddable":true,"href":"https:\/\/www.actualidadadiario.com\/index.php\/wp-json\/wp\/v2\/tags?post=3102"}],"curies":[{"name":"wp","href":"https:\/\/api.w.org\/{rel}","templated":true}]}}