{"id":3099,"date":"2016-10-21T09:49:46","date_gmt":"2016-10-21T12:49:46","guid":{"rendered":"http:\/\/actualidadadiario.com\/site\/?p=3099"},"modified":"2016-10-21T09:49:46","modified_gmt":"2016-10-21T12:49:46","slug":"bordet-confirmo-a-intendentes-que-no-habra-bono-de-fin-de-ano-para-empleados-provinciales","status":"publish","type":"post","link":"https:\/\/www.actualidadadiario.com\/index.php\/2016\/10\/21\/bordet-confirmo-a-intendentes-que-no-habra-bono-de-fin-de-ano-para-empleados-provinciales\/","title":{"rendered":"Bordet confirm\u00f3 a intendentes que no habr\u00e1 bono de fin de a\u00f1o para empleados provinciales"},"content":{"rendered":"<p><em><strong>El gobernador reconoci\u00f3 que \u201cla provincia no est\u00e1 en condiciones de afrontar el bono\u201d, dijo el intendente de Col\u00f3n, Mariano Rebord, tras la reuni\u00f3n de Villaguay. Hubo cr\u00edticas a la discrecionalidad de Naci\u00f3n con municipios de CAMBIEMOS<\/strong><\/em><\/p>\n<p>&nbsp;<\/p>\n<p>&nbsp;<\/p>\n<p>&nbsp;<\/p>\n<p>&nbsp;<\/p>\n<p>El presidente de la Liga de Intendentes Justicialistas, Mariano Rebord, confi\u00f3 que el tema del bono de fin de a\u00f1o fue tratado en la reuni\u00f3n de Villaguay. All\u00ed, Bordet dijo que \u201cla provincia no est\u00e1 en condiciones econ\u00f3micas de afrontar el bono\u201d, se\u00f1al\u00f3 el jefe comunal. Agregando tambi\u00e9n que en lo que respecta a las comunas, \u201ccada municipio deber\u00e1 ver su realidad de paritarias\u201d.<\/p>\n<p>&nbsp;<\/p>\n<p>&nbsp;<\/p>\n<p>&nbsp;<\/p>\n<p><strong>El manejo de la caja nacional<\/strong><\/p>\n<p>\u201cQuienes hoy anuncian el bono son los que manejan la caja\u201d, reproch\u00f3 Rebord. Puntualizando que \u201cen este momento, el gobierno nacional anunci\u00f3 el bono porque maneja la caja y las provincias est\u00e1n muy pobres y encima a muchas no les dieron cr\u00e9dito\u201d.<\/p>\n<p>Para ejemplificar su afirmaci\u00f3n, subray\u00f3 que a la provincia de Buenos Aires \u201cya le dieron la segunda partida de lo que pidieron, mientras que a Entre R\u00edos todav\u00eda no le dieron la primera\u201d. Para el referente del PJ &#8220;as\u00ed se hace muy f\u00e1cil&#8221;, ironizando conque &#8220;nosotros no podemos saludar con sombrero ajeno\u201d, asever\u00f3.<\/p>\n<p>&nbsp;<\/p>\n<p>&nbsp;<\/p>\n<p>&nbsp;<\/p>\n<p><strong>Discrecionalidad<\/strong><\/p>\n<p>Por \u00faltimo, el intendente de Col\u00f3n rescat\u00f3 que tambi\u00e9n se trat\u00f3 cr\u00edticamente lo que se considera una &#8220;discrecionalidad arbitraria de fondos p\u00fablicos, destinados a municipios bajo el signo de CAMBIEMOS&#8221;, en detrimento de aquellos que son conducidos por gestiones justicialistas.<\/p>\n<p>\u201cA nosotros nos piden hasta la partida de nacimiento de nuestra tatarabuela&#8221;, mientras que &#8220;los proyectos de Cambiemos salen cuando los presentan hasta en manuscrito\u201d, se quej\u00f3.<\/p>\n<p>&nbsp;<\/p>\n<p>&nbsp;<\/p>\n<p>&nbsp;<\/p>\n<p><strong>Asistencia financiera internacional<\/strong><\/p>\n<p>Como ya se informara, en la reuni\u00f3n con los intendentes, el gobernador adelant\u00f3 que la provincia llevar\u00e1 a cabo la operatoria de financiamiento externo en Nueva York &#8211; el pr\u00f3ximo 3 de noviembre &#8211; buscando oxigenar las arcas p\u00fablicas. Vale recordar que, de ese monto final, los municipios entrerrianos podr\u00e1n acceder al 16 por ciento.<\/p>\n<p>&nbsp;<\/p>\n<p>\u201cHace un par de meses ten\u00edamos una expectativa de hasta cu\u00e1nto nos pod\u00edamos endeudar y ahora nos encontramos con que la cifra baj\u00f3 un tercio\u201d, expres\u00f3 Rebord. Agregando que \u201cde m\u00e1s de 600 baj\u00f3 a 230 millones de d\u00f3lares\u201d.<\/p>\n<p>&nbsp;<\/p>\n<p>En ese sentido, puntualiz\u00f3 que habr\u00e1 \u201cque adaptarse a eso; pero bueno, no era lo que pens\u00e1bamos\u201d. Consultado sobre los motivos de la baja en el monto autorizado para la operatoria, se\u00f1al\u00f3 que \u201cla verdad es que no se explic\u00f3, eso directamente responde a las decisiones del gobierno nacional\u201d. Por consiguiente, \u201cnos mandaron a revisar, en cada municipio, el presupuesto 2017\u201d.<\/p>\n<p>&nbsp;<\/p>\n<p>&nbsp;<\/p>\n<p>&nbsp;<\/p>\n<p><strong>Tiempos dif\u00edciles<\/strong><\/p>\n<p>Ya hablando del clima en general, tras el encuentro, el mandatario reconoci\u00f3 que \u201chay atrasos y dificultades, pero hoy los intendentes se fueron todos conformes\u201d.<\/p>\n<p>Para Rebord, \u201choy el justicialismo tiene que estar m\u00e1s fuerte\u201d. Lamentando que \u201cpor hechos nacionales, resulta que los peronistas son todos ladrones o malas personas\u201d. Asegurando que \u201ctambi\u00e9n hay que tener un mensaje con respecto a eso\u201d, porque en el caso de los intendentes, especialmente, \u201csiempre estamos en contacto con la gente\u201d, asever\u00f3.<\/p>\n","protected":false},"excerpt":{"rendered":"<p>El gobernador reconoci\u00f3 que \u201cla provincia no est\u00e1 en condiciones de afrontar el bono\u201d, dijo el intendente de Col\u00f3n, Mariano Rebord, tras la reuni\u00f3n de Villaguay. Hubo cr\u00edticas a la discrecionalidad de Naci\u00f3n con municipios de CAMBIEMOS &nbsp; &nbsp; &nbsp; &nbsp; El presidente de la Liga de Intendentes Justicialistas, Mariano Rebord, confi\u00f3 que el tema del bono de fin de a\u00f1o fue tratado en la reuni\u00f3n de Villaguay. All\u00ed, Bordet dijo que \u201cla provincia no est\u00e1 en condiciones econ\u00f3micas de afrontar el bono\u201d, se\u00f1al\u00f3 el jefe comunal. Agregando tambi\u00e9n que&#8230;<\/p>\n","protected":false},"author":3,"featured_media":3100,"comment_status":"closed","ping_status":"closed","sticky":false,"template":"","format":"standard","meta":[],"categories":[15],"tags":[],"_links":{"self":[{"href":"https:\/\/www.actualidadadiario.com\/index.php\/wp-json\/wp\/v2\/posts\/3099"}],"collection":[{"href":"https:\/\/www.actualidadadiario.com\/index.php\/wp-json\/wp\/v2\/posts"}],"about":[{"href":"https:\/\/www.actualidadadiario.com\/index.php\/wp-json\/wp\/v2\/types\/post"}],"author":[{"embeddable":true,"href":"https:\/\/www.actualidadadiario.com\/index.php\/wp-json\/wp\/v2\/users\/3"}],"replies":[{"embeddable":true,"href":"https:\/\/www.actualidadadiario.com\/index.php\/wp-json\/wp\/v2\/comments?post=3099"}],"version-history":[{"count":1,"href":"https:\/\/www.actualidadadiario.com\/index.php\/wp-json\/wp\/v2\/posts\/3099\/revisions"}],"predecessor-version":[{"id":3101,"href":"https:\/\/www.actualidadadiario.com\/index.php\/wp-json\/wp\/v2\/posts\/3099\/revisions\/3101"}],"wp:featuredmedia":[{"embeddable":true,"href":"https:\/\/www.actualidadadiario.com\/index.php\/wp-json\/wp\/v2\/media\/3100"}],"wp:attachment":[{"href":"https:\/\/www.actualidadadiario.com\/index.php\/wp-json\/wp\/v2\/media?parent=3099"}],"wp:term":[{"taxonomy":"category","embeddable":true,"href":"https:\/\/www.actualidadadiario.com\/index.php\/wp-json\/wp\/v2\/categories?post=3099"},{"taxonomy":"post_tag","embeddable":true,"href":"https:\/\/www.actualidadadiario.com\/index.php\/wp-json\/wp\/v2\/tags?post=3099"}],"curies":[{"name":"wp","href":"https:\/\/api.w.org\/{rel}","templated":true}]}}