{"id":3096,"date":"2016-10-21T09:48:53","date_gmt":"2016-10-21T12:48:53","guid":{"rendered":"http:\/\/actualidadadiario.com\/site\/?p=3096"},"modified":"2016-10-21T09:48:53","modified_gmt":"2016-10-21T12:48:53","slug":"agmer-resolvio-en-congreso-paro-para-el-proximo-martes","status":"publish","type":"post","link":"https:\/\/www.actualidadadiario.com\/index.php\/2016\/10\/21\/agmer-resolvio-en-congreso-paro-para-el-proximo-martes\/","title":{"rendered":"Agmer resolvi\u00f3 en congreso, paro para el pr\u00f3ximo martes"},"content":{"rendered":"<p><em><strong>El congreso provincial de Agmer, que sesion\u00f3 en Concordia, decidi\u00f3 instrumentar un paro de actividades el martes 25 debido a la falta de respuestas del Gobierno, informaron fuentes sindicales<\/strong><\/em><\/p>\n<p>&nbsp;<\/p>\n<p>&nbsp;<\/p>\n<p>&nbsp;<\/p>\n<p>&nbsp;<\/p>\n<p>El 176\u00ba congreso extraordinario de la Asociaci\u00f3n Gremial del Magisterio de Entre R\u00edos (Agmer) defini\u00f3 este jueves por la noche instrumentar un paro de actividades el martes 25 de octubre, d\u00eda en el que se desarrollar\u00e1 el Operativo &#8220;Aprender&#8221; en aquellos establecimientos en los que no se pudo hacer esta semana.<\/p>\n<p>&nbsp;<\/p>\n<p>La decisi\u00f3n se tom\u00f3 cerca de las 23 de este jueves.<\/p>\n<p>&nbsp;<\/p>\n<p>Adem\u00e1s, se resolvi\u00f3 &#8220;jornada de lucha&#8221;, el d\u00eda 4 de noviembre, con asambleas y movilizaciones. Luego plenario y congreso, con fecha a definir.<\/p>\n<p>Indicaron que habr\u00e1 asamblea informativa, el lunes pr\u00f3ximo.<\/p>\n","protected":false},"excerpt":{"rendered":"<p>El congreso provincial de Agmer, que sesion\u00f3 en Concordia, decidi\u00f3 instrumentar un paro de actividades el martes 25 debido a la falta de respuestas del Gobierno, informaron fuentes sindicales &nbsp; &nbsp; &nbsp; &nbsp; El 176\u00ba congreso extraordinario de la Asociaci\u00f3n Gremial del Magisterio de Entre R\u00edos (Agmer) defini\u00f3 este jueves por la noche instrumentar un paro de actividades el martes 25 de octubre, d\u00eda en el que se desarrollar\u00e1 el Operativo &#8220;Aprender&#8221; en aquellos establecimientos en los que no se pudo hacer esta semana. &nbsp; La decisi\u00f3n se tom\u00f3 cerca&#8230;<\/p>\n","protected":false},"author":3,"featured_media":3097,"comment_status":"closed","ping_status":"closed","sticky":false,"template":"","format":"standard","meta":[],"categories":[18],"tags":[],"_links":{"self":[{"href":"https:\/\/www.actualidadadiario.com\/index.php\/wp-json\/wp\/v2\/posts\/3096"}],"collection":[{"href":"https:\/\/www.actualidadadiario.com\/index.php\/wp-json\/wp\/v2\/posts"}],"about":[{"href":"https:\/\/www.actualidadadiario.com\/index.php\/wp-json\/wp\/v2\/types\/post"}],"author":[{"embeddable":true,"href":"https:\/\/www.actualidadadiario.com\/index.php\/wp-json\/wp\/v2\/users\/3"}],"replies":[{"embeddable":true,"href":"https:\/\/www.actualidadadiario.com\/index.php\/wp-json\/wp\/v2\/comments?post=3096"}],"version-history":[{"count":1,"href":"https:\/\/www.actualidadadiario.com\/index.php\/wp-json\/wp\/v2\/posts\/3096\/revisions"}],"predecessor-version":[{"id":3098,"href":"https:\/\/www.actualidadadiario.com\/index.php\/wp-json\/wp\/v2\/posts\/3096\/revisions\/3098"}],"wp:featuredmedia":[{"embeddable":true,"href":"https:\/\/www.actualidadadiario.com\/index.php\/wp-json\/wp\/v2\/media\/3097"}],"wp:attachment":[{"href":"https:\/\/www.actualidadadiario.com\/index.php\/wp-json\/wp\/v2\/media?parent=3096"}],"wp:term":[{"taxonomy":"category","embeddable":true,"href":"https:\/\/www.actualidadadiario.com\/index.php\/wp-json\/wp\/v2\/categories?post=3096"},{"taxonomy":"post_tag","embeddable":true,"href":"https:\/\/www.actualidadadiario.com\/index.php\/wp-json\/wp\/v2\/tags?post=3096"}],"curies":[{"name":"wp","href":"https:\/\/api.w.org\/{rel}","templated":true}]}}