{"id":3090,"date":"2016-10-21T09:47:06","date_gmt":"2016-10-21T12:47:06","guid":{"rendered":"http:\/\/actualidadadiario.com\/site\/?p=3090"},"modified":"2016-10-21T09:47:06","modified_gmt":"2016-10-21T12:47:06","slug":"analizan-eliminar-desde-el-ano-proximo-los-feriados-puente","status":"publish","type":"post","link":"https:\/\/www.actualidadadiario.com\/index.php\/2016\/10\/21\/analizan-eliminar-desde-el-ano-proximo-los-feriados-puente\/","title":{"rendered":"Analizan eliminar desde el a\u00f1o pr\u00f3ximo los &#8220;feriados puente&#8221;"},"content":{"rendered":"<p><em><strong>Para cumplir con 190 d\u00edas de clases, el gobierno nacional analiza eliminar los feriados puente. Esta posibilidad ya gener\u00f3 rechazo en Mar del Plata, donde buscan aunar esfuerzos para conseguir que sigan los fines de semanas extra largos<\/strong><\/em><\/p>\n<p>&nbsp;<\/p>\n<p>&nbsp;<\/p>\n<p>&nbsp;<\/p>\n<p>Para poder cumplir con los 190 d\u00edas de clases, el gobierno nacional analiza eliminar los llamados feriados puente.<\/p>\n<p>&nbsp;<\/p>\n<p>El ministro de Educaci\u00f3n de la Naci\u00f3n, Esteban Bullrich, dio por hecho que las clases comenzar\u00e1n el a\u00f1o pr\u00f3ximo el 6 de marzo. Y a\u00fan sin papeles firmados ni norma que lo oficialice, dej\u00f3 entrever que cumplir los 190 d\u00edas exigidos para el ciclo lectivo anual implicar\u00e1 eliminar algunas jornadas establecidas no laborables. En particular aquellas que se adosaron a feriados para dar forma a fines de semana largos de cuatro jornadas consecutivas. El pr\u00f3ximo 27 y 28, el Consejo Federal de Educaci\u00f3n se reunir\u00e1 en Chubut y tratar\u00e1, entre otros temas, la fecha de inicio del ciclo escolar 2017.<\/p>\n<p>&nbsp;<\/p>\n<p>Ayer, en el Concejo Deliberante de Mar del Plata, representantes de los distintos bloques, directivos de c\u00e1maras empresariales y gremialistas de rubros vinculados al turismo concretaron una primera reuni\u00f3n para analizar la situaci\u00f3n y aunar esfuerzos para que Bullrich atienda sus argumentos y revise el proyecto.<\/p>\n<p>&nbsp;<\/p>\n<p>&#8220;Los fines de semana largos significan m\u00e1s de 3000 millones de pesos anuales, y con protagonismo especial de los feriados puente, que en 2015 fueron dos de los tres m\u00e1s exitosos&#8221;, dijo Lucas Fiorini, titular del bloque del Frente Renovador e impulsor de la jornada.<\/p>\n<p>&nbsp;<\/p>\n<p>La postura es un\u00e1nime y encontrar\u00e1 similar eco en otros destinos cercanos, en particular los de playa, que ahora dependen, y mucho, del movimiento de temporada baja. De hecho, rubros como la hoteler\u00eda y la gastronom\u00eda, gracias al ritmo de fines de semana largo, lograron que m\u00e1s establecimientos permanecieran abiertos todo el a\u00f1o. &#8220;Eso significa trabajo en la ciudad que m\u00e1s sufre la desocupaci\u00f3n en todo el pa\u00eds y ante un verano que, como el que pas\u00f3, asoma complicado&#8221;, advirti\u00f3 Sergio Medina, titular de la Confederaci\u00f3n General del Trabajo (CGT) local.<\/p>\n<p>&nbsp;<\/p>\n<p>Seg\u00fan el Ente Municipal de Turismo (Emtur), los fines de semana largos representaron en Mar del Plata ingresos por 3012 millones de pesos en 2015. Los dos feriados puente del 24 de marzo y 8 de diciembre s\u00f3lo fueron superados en arribos por los carnavales. &#8220;Cambia el perfil de turista y adem\u00e1s mejora el gasto promedio&#8221;, destac\u00f3 la titular del organismo, Gabriela Magnoler. Reconoci\u00f3 que correr el inicio de clases potencia el tramo final de febrero, pero tambi\u00e9n admiti\u00f3 con estad\u00edsticas que el rendimiento de una semana de marzo est\u00e1 por debajo de un fin de semana largo.<\/p>\n<p>&nbsp;<\/p>\n<p>Los \u00faltimos ciclos lectivos hab\u00edan comenzado en la semana final de febrero, lo que derrumbaba temprano la demanda tur\u00edstica estival. Con ello aparec\u00edan cesant\u00edas durante esa quincena previa a marzo. Alejandro Carrancio, titular de la Comisi\u00f3n de Turismo, y su par Daniel Rodr\u00edguez coincidieron en que la defensa de feriados puente no implica una disputa entre turismo y educaci\u00f3n. &#8220;Hay que buscar una armon\u00eda con el calendario escolar&#8221;, dijo.<\/p>\n<p>&nbsp;<\/p>\n<p>Avedis Sahakian, titular de la Asociaci\u00f3n Empresaria Hotelera Gastron\u00f3mica, alent\u00f3 adem\u00e1s una agenda que d\u00e9 previsibilidad al sector. Y remarc\u00f3 que el movimiento tur\u00edstico por fines de semana largo no s\u00f3lo es beneficio para los operadores del sector. Record\u00f3 que del flujo econ\u00f3mico que generan los viajeros &#8220;m\u00e1s del 25% del total bruto va al Estado como impuestos&#8221;.<\/p>\n<p>&nbsp;<\/p>\n<p>Con ese respaldo del sector privado, los concejales impulsar\u00e1n una resoluci\u00f3n que formalice la postura en defensa de los feriados puente. Fiorini acot\u00f3 que as\u00ed como desde aqu\u00ed se han reconocido a Bullrich los objetivos de la evaluaci\u00f3n 2016 y el cambio de fecha para el inicio de clases, pide que desde ese ministerio se entienda este otro reclamo de los destinos de turismo: &#8220;Los feriados son vitales para cuidar el trabajo de los marplatenses&#8221;, insisti\u00f3.<\/p>\n","protected":false},"excerpt":{"rendered":"<p>Para cumplir con 190 d\u00edas de clases, el gobierno nacional analiza eliminar los feriados puente. Esta posibilidad ya gener\u00f3 rechazo en Mar del Plata, donde buscan aunar esfuerzos para conseguir que sigan los fines de semanas extra largos &nbsp; &nbsp; &nbsp; Para poder cumplir con los 190 d\u00edas de clases, el gobierno nacional analiza eliminar los llamados feriados puente. &nbsp; El ministro de Educaci\u00f3n de la Naci\u00f3n, Esteban Bullrich, dio por hecho que las clases comenzar\u00e1n el a\u00f1o pr\u00f3ximo el 6 de marzo. Y a\u00fan sin papeles firmados ni norma&#8230;<\/p>\n","protected":false},"author":3,"featured_media":3091,"comment_status":"closed","ping_status":"closed","sticky":false,"template":"","format":"standard","meta":[],"categories":[4],"tags":[],"_links":{"self":[{"href":"https:\/\/www.actualidadadiario.com\/index.php\/wp-json\/wp\/v2\/posts\/3090"}],"collection":[{"href":"https:\/\/www.actualidadadiario.com\/index.php\/wp-json\/wp\/v2\/posts"}],"about":[{"href":"https:\/\/www.actualidadadiario.com\/index.php\/wp-json\/wp\/v2\/types\/post"}],"author":[{"embeddable":true,"href":"https:\/\/www.actualidadadiario.com\/index.php\/wp-json\/wp\/v2\/users\/3"}],"replies":[{"embeddable":true,"href":"https:\/\/www.actualidadadiario.com\/index.php\/wp-json\/wp\/v2\/comments?post=3090"}],"version-history":[{"count":1,"href":"https:\/\/www.actualidadadiario.com\/index.php\/wp-json\/wp\/v2\/posts\/3090\/revisions"}],"predecessor-version":[{"id":3092,"href":"https:\/\/www.actualidadadiario.com\/index.php\/wp-json\/wp\/v2\/posts\/3090\/revisions\/3092"}],"wp:featuredmedia":[{"embeddable":true,"href":"https:\/\/www.actualidadadiario.com\/index.php\/wp-json\/wp\/v2\/media\/3091"}],"wp:attachment":[{"href":"https:\/\/www.actualidadadiario.com\/index.php\/wp-json\/wp\/v2\/media?parent=3090"}],"wp:term":[{"taxonomy":"category","embeddable":true,"href":"https:\/\/www.actualidadadiario.com\/index.php\/wp-json\/wp\/v2\/categories?post=3090"},{"taxonomy":"post_tag","embeddable":true,"href":"https:\/\/www.actualidadadiario.com\/index.php\/wp-json\/wp\/v2\/tags?post=3090"}],"curies":[{"name":"wp","href":"https:\/\/api.w.org\/{rel}","templated":true}]}}