{"id":309,"date":"2016-08-25T09:06:28","date_gmt":"2016-08-25T12:06:28","guid":{"rendered":"http:\/\/actualidadadiario.com\/site\/?p=309"},"modified":"2016-08-25T09:06:28","modified_gmt":"2016-08-25T12:06:28","slug":"se-puso-en-marcha-en-entre-rios-una-red-federal-de-monitoreo-ambiental","status":"publish","type":"post","link":"https:\/\/www.actualidadadiario.com\/index.php\/2016\/08\/25\/se-puso-en-marcha-en-entre-rios-una-red-federal-de-monitoreo-ambiental\/","title":{"rendered":"Se puso en marcha en Entre R\u00edos una Red Federal de Monitoreo Ambiental"},"content":{"rendered":"<p><em><strong>Con el objetivo de integrar fuentes de monitoreo de agua, aire y suelo, de manera continua, para conocer la calidad de dichos recursos, el gobierno nacional puso en marcha en Entre R\u00edos la Red Federal de Monitoreo Ambiental, con el apoyo del Programa de Naciones Unidas para el Desarrollo. D\u00edas atr\u00e1s se realiz\u00f3 un taller en Paran\u00e1 donde t\u00e9cnicos de Naci\u00f3n brindaron detalles del funcionamiento de la Red, destinado a t\u00e9cnicos de la Secretar\u00eda de Ambiente de la provincia. Es la primera provincia del pa\u00eds donde se implementa<\/strong><\/em><\/p>\n<p>&nbsp;<\/p>\n<p>&nbsp;<\/p>\n<p>La idea es constituir una red organizada que permita monitorear de manera continua la calidad de los cuerpos de agua, el aire y suelo de las distintas regiones de la Rep\u00fablica Argentina. La provincia de Entre R\u00edos, junto con Santa Fe, se constituye como prueba piloto para este programa nacional que permitir\u00e1 sistematizar la informaci\u00f3n existente, caracterizar las estaciones de medici\u00f3n y su localizaci\u00f3n, como tambi\u00e9n gestionar un sistema de acceso a la informaci\u00f3n, elementos que sirvan como modelo para el resto del pa\u00eds.<\/p>\n<p>D\u00edas pasados estuvo en Paran\u00e1 la coordinadora del proyecto Red Federal de Monitoreo Ambiental dando un taller destinado a t\u00e9cnicos del \u00c1rea de Control y Fiscalizaci\u00f3n Ambiental, de la Secretar\u00eda de Ambiente provincial, que dio comienzo a la actividad local en el marco del proyecto nacional mencionado.<\/p>\n<p>El proyecto reportar\u00e1 beneficios p\u00fablicos trav\u00e9s de disponer de sistemas de alerta y emergencia ambiental, para prevenir da\u00f1os ambientales, su aplicaci\u00f3n a proyectos y<\/p>\n<p>programas como a la gesti\u00f3n de pol\u00edticas socio-ambientales y de salud, entre otras, apoyando la participaci\u00f3n responsable de la comunidad ante sus preocupaciones ambientales.<\/p>\n<p>&nbsp;<\/p>\n<p><strong>Descripci\u00f3n del proyecto<\/strong><\/p>\n<p>El monitoreo permanente es una herramienta central en el proceso de generaci\u00f3n de informaci\u00f3n relevante sobre el estado de los componentes aire, agua y suelo, sobre los cuales se eval\u00faa la calidad del ambiente. Conocer la calidad de los mismos determinar\u00e1 en gran medida los cursos de acci\u00f3n en el control y prevenci\u00f3n de la contaminaci\u00f3n a ser seguidos e implementados por la Secretaria de Control y Monitoreo Ambiental del Ministerio de Ambiente y Desarrollo Sustentable Debido a ello, formalizar y consolidar una completa red de monitoreo es condici\u00f3n urgente y necesaria.<\/p>\n<p>El presente proyecto aborda la implementaci\u00f3n de una Red Federal de Monitoreo Ambiental, que tiene por objetivo integrar estaciones de monitoreo de agua, aire y suelo, de car\u00e1cter p\u00fablico o privado, para constituir un sistema organizado, din\u00e1mico e integral de medici\u00f3n, almacenamiento, transmisi\u00f3n, y procesamiento de datos, que permitan monitorear de manera continua la calidad de los cuerpos de agua, el aire y suelo de las distintas regiones de la Rep\u00fablica Argentina. Por ende, el proyecto tendr\u00e1 como resultado el relevamiento de las Estaciones de Monitoreo Ambiental y el fortalecimiento institucional para la implementaci\u00f3n de un Sistema Integrado de Monitoreo de agua, aire y suelo realizados en el territorio Argentino. Y finalmente facilitara al desarrollo de la etapa inicial de un Sistema electr\u00f3nico web que permita la concentraci\u00f3n y visualizaci\u00f3n online de los datos generados por las distintas Estaciones de Monitoreo que integren la Red.<\/p>\n<p>El objetivo es constituir un sistema organizado, din\u00e1mico e integral de medici\u00f3n, almacenamiento, transmisi\u00f3n, y procesamiento de datos constituido, con el fin de monitorear de manera continua la calidad de los cuerpos de agua, el aire y suelo de las distintas regiones de la Rep\u00fablica Argentina.<\/p>\n","protected":false},"excerpt":{"rendered":"<p>Con el objetivo de integrar fuentes de monitoreo de agua, aire y suelo, de manera continua, para conocer la calidad de dichos recursos, el gobierno nacional puso en marcha en Entre R\u00edos la Red Federal de Monitoreo Ambiental, con el apoyo del Programa de Naciones Unidas para el Desarrollo. D\u00edas atr\u00e1s se realiz\u00f3 un taller en Paran\u00e1 donde t\u00e9cnicos de Naci\u00f3n brindaron detalles del funcionamiento de la Red, destinado a t\u00e9cnicos de la Secretar\u00eda de Ambiente de la provincia. Es la primera provincia del pa\u00eds donde se implementa &nbsp; &nbsp;&#8230;<\/p>\n","protected":false},"author":3,"featured_media":310,"comment_status":"closed","ping_status":"open","sticky":false,"template":"","format":"standard","meta":[],"categories":[4],"tags":[],"_links":{"self":[{"href":"https:\/\/www.actualidadadiario.com\/index.php\/wp-json\/wp\/v2\/posts\/309"}],"collection":[{"href":"https:\/\/www.actualidadadiario.com\/index.php\/wp-json\/wp\/v2\/posts"}],"about":[{"href":"https:\/\/www.actualidadadiario.com\/index.php\/wp-json\/wp\/v2\/types\/post"}],"author":[{"embeddable":true,"href":"https:\/\/www.actualidadadiario.com\/index.php\/wp-json\/wp\/v2\/users\/3"}],"replies":[{"embeddable":true,"href":"https:\/\/www.actualidadadiario.com\/index.php\/wp-json\/wp\/v2\/comments?post=309"}],"version-history":[{"count":1,"href":"https:\/\/www.actualidadadiario.com\/index.php\/wp-json\/wp\/v2\/posts\/309\/revisions"}],"predecessor-version":[{"id":311,"href":"https:\/\/www.actualidadadiario.com\/index.php\/wp-json\/wp\/v2\/posts\/309\/revisions\/311"}],"wp:featuredmedia":[{"embeddable":true,"href":"https:\/\/www.actualidadadiario.com\/index.php\/wp-json\/wp\/v2\/media\/310"}],"wp:attachment":[{"href":"https:\/\/www.actualidadadiario.com\/index.php\/wp-json\/wp\/v2\/media?parent=309"}],"wp:term":[{"taxonomy":"category","embeddable":true,"href":"https:\/\/www.actualidadadiario.com\/index.php\/wp-json\/wp\/v2\/categories?post=309"},{"taxonomy":"post_tag","embeddable":true,"href":"https:\/\/www.actualidadadiario.com\/index.php\/wp-json\/wp\/v2\/tags?post=309"}],"curies":[{"name":"wp","href":"https:\/\/api.w.org\/{rel}","templated":true}]}}